{"id":1148,"date":"2022-08-19T10:20:24","date_gmt":"2022-08-19T08:20:24","guid":{"rendered":"https:\/\/montesquieu.lestransitionneurs.fr\/leognan\/?p=1148"},"modified":"2022-11-02T13:24:27","modified_gmt":"2022-11-02T12:24:27","slug":"preambule-pourquoi-les-collectivites-territoriales-doivent-favoriser-les-mobilites-douces","status":"publish","type":"post","link":"https:\/\/montesquieu.lestransitionneurs.fr\/leognan-mobilite\/preambule-pourquoi-les-collectivites-territoriales-doivent-favoriser-les-mobilites-douces\/","title":{"rendered":"Pr\u00e9ambule: pourquoi les collectivit\u00e9s territoriales doivent favoriser les mobilit\u00e9s douces"},"content":{"rendered":"\n<p>La France lors de la COP 21 en 2015<a rel=\"noreferrer noopener\" href=\"https:\/\/www.francetvinfo.fr\/meteo\/climat\/climat-le-gouvernement-affirme-que-les-objectifs-de-la-france-seront-respectes_5118631.html\" target=\"_blank\"> a ratifi\u00e9 l&rsquo;accord de Paris sur le climat<\/a>, engageant le pays \u00e0 diminuer drastiquement ses \u00e9missions de gaz \u00e0 effet de serre. Depuis, l&rsquo;objectif Europ\u00e9en est de <a rel=\"noreferrer noopener\" href=\"https:\/\/www.francetvinfo.fr\/meteo\/climat\/reduction-de-55-des-emissions-carbone-d-ici-2030-on-est-tres-loin-des-trajectoires-demandees-par-les-scientifiques-estime-l-eurodeputee-marie-toussaint_4380757.html\" target=\"_blank\">r\u00e9duire de 55% les \u00e9missions de carbone d&rsquo;ici \u00e0 2030<\/a>. Malheureusement en 2021, les <a rel=\"noreferrer noopener\" href=\"https:\/\/www.francetvinfo.fr\/monde\/environnement\/cop26\/climat-les-emissions-de-carbone-en-2021-proches-des-niveaux-atteints-avant-le-covid-19_4832539.html\" target=\"_blank\">plans de relance \u00e9conomique post Covid ont entrain\u00e9s un rebond des \u00e9missions de CO2<\/a>. Parmi, les secteurs soutenus par le gouvernement, celui de l&rsquo;automobile a \u00e9t\u00e9 l&rsquo;un des plus privil\u00e9gi\u00e9 puisque ce sont <a rel=\"noreferrer noopener\" href=\"https:\/\/www.lepoint.fr\/economie\/automobile-ce-qu-il-faut-retenir-du-plan-de-8-milliards-d-euros-26-05-2020-2377081_28.php\" target=\"_blank\">8 milliards d&rsquo;Euros qui lui ont \u00e9t\u00e9 allou\u00e9s<\/a>. Faute de plan ambitieux et \u00e0 la hauteur des enjeux pour d\u00e9carbonner, <a href=\"https:\/\/www.nationalgeographic.fr\/environnement\/laffaire-du-siecle-letat-francais-condamne-pour-inaction-climatique-ce-que-ca-change\" target=\"_blank\" rel=\"noreferrer noopener\">la France a \u00e9t\u00e9 sanctionn\u00e9e pour inaction climatique<\/a> mais aussi<a href=\"https:\/\/www.lemonde.fr\/planete\/article\/2019\/10\/24\/la-france-condamnee-pour-depasser-de-maniere-systematique-et-persistante-le-seuil-limite-annuel-de-dioxyde-d-azote-depuis-2010_6016735_3244.html\" target=\"_blank\" rel=\"noreferrer noopener\"> condamn\u00e9e par la Cour de justice de l\u2019Union europ\u00e9enne pour la pollution de l&rsquo;air<\/a>. Rappelons que la mauvaise qualit\u00e9 de l&rsquo;air selon certaines \u00e9tudes serait \u00e0 l&rsquo;origine de pas moins de <a href=\"https:\/\/www.lefigaro.fr\/sciences\/la-pollution-de-l-air-provoquerait-pres-de-100-000-morts-prematurees-par-an-en-france-20210209\" target=\"_blank\" rel=\"noreferrer noopener\">100.000 morts pr\u00e9matur\u00e9es en France<\/a>. Que l&rsquo;on parle des particules fines qui posent un grave probl\u00e8me de sant\u00e9 publique (les PM sont \u00e9mises tant par les fum\u00e9es  d&rsquo;\u00e9chappement que l&rsquo;usure des pneus <a href=\"https:\/\/www.consoglobe.com\/voitures-electriques-pollution-particules-fines-cg\" target=\"_blank\" rel=\"noreferrer noopener\">en cons\u00e9quence les voitures \u00e9lectriques ne sont donc pas tellement plus vertueuses de ce c\u00f4t\u00e9<\/a>) ou d&rsquo;\u00e9mission carbone, la voiture a une grande part de responsabilit\u00e9 par rapport aux probl\u00e9matiques majeures actuelles. Comme le montre l&rsquo;infographie ci-dessous, la voiture particuli\u00e8re repr\u00e9sente une part \u00e9crasante des \u00e9missions dans le secteur du transport.<\/p>\n\n\n\n<!--more-->\n\n\n\n<figure class=\"wp-block-image size-large\"><a href=\"https:\/\/www.save4planet.com\/ecologie\/17\/qu%E2%80%99est-ce-qui-consomme-dans-transport\"><img decoding=\"async\" src=\"https:\/\/lestransitionneurs.fr\/wp-content\/uploads\/2022\/05\/2022.Infographie_emission_CO2_secteur-transport-1024x621.jpg\" alt=\"\" class=\"wp-image-682\"\/><\/a><\/figure>\n\n\n\n<p><\/p>\n\n\n\n<p>Pour ces raisons, il est indispensable que le v\u00e9lo occupe une place extr\u00eamement importante dans la mobilit\u00e9 pour les ann\u00e9es \u00e0 venir. Pour cela le gouvernement a lanc\u00e9 \u00ab\u00a0<a href=\"https:\/\/www.ecologie.gouv.fr\/plan-velo-et-mobilites-actives\" target=\"_blank\" rel=\"noreferrer noopener\">Le Plan V\u00e9lo &amp; Mobilit\u00e9s actives<\/a>\u00a0\u00bb dont le but est de <a href=\"https:\/\/www.unionsportcycle.com\/cycle-mobilite\/plan-national-pour-la-promotion-du-velo-et-des-mobilites-actives\" target=\"_blank\" rel=\"noreferrer noopener\">tripler la part modale du v\u00e9lo dans les d\u00e9placements des Fran\u00e7ais, de 2,7 % aujourd\u2019hui \u00e0 9 % en 2024<\/a>. (Dans le reste de l\u2019Union Europ\u00e9enne, l&rsquo;usage du v\u00e9lo d\u00e9passe d\u00e9j\u00e0 les 7 % mais\u00a0<a href=\"https:\/\/www.isabelleetlevelo.fr\/2019\/02\/06\/plan-velo-france-naif\/\" target=\"_blank\" rel=\"noreferrer noopener\">la France est  tr\u00e8s \u00e0 la traine et occupe seulement le 25\u1d49 rang <\/a>dans le classement). <\/p>\n\n\n\n<p>Pour rattraper notre retard par rapport aux pays voisins, le gouvernement a d\u00e9fini&nbsp; 4 axes principaux&nbsp;:<\/p>\n\n\n\n<ul class=\"wp-block-list\"><li>D\u00e9velopper les am\u00e9nagements cyclables et am\u00e9liorer la s\u00e9curit\u00e9 routi\u00e8re<\/li><li>Mieux lutter contre le vol<\/li><li>Cr\u00e9er un cadre incitatif reconnaissant pleinement l\u2019usage du v\u00e9lo comme un mode de transport vertueux<\/li><li>D\u00e9veloppement d\u2019une culture du v\u00e9lo.<\/li><\/ul>\n\n\n\n<p>Il est donc primordial que toutes les collectivit\u00e9s (commune, d\u00e9partement, r\u00e9gion)&nbsp;\u00e0 leurs \u00e9chelles respectives contribuent \u00e0 l&rsquo;essor du v\u00e9lo en am\u00e9nageant leur territoire en suivant ces axes.<\/p>\n\n\n\n<p><\/p>\n","protected":false},"excerpt":{"rendered":"<p>La France lors de la COP 21 en 2015 a ratifi\u00e9 l&rsquo;accord de Paris sur le climat, engageant le pays<\/p>\n","protected":false},"author":1,"featured_media":1149,"comment_status":"open","ping_status":"open","sticky":false,"template":"","format":"standard","meta":{"footnotes":""},"categories":[27],"tags":[],"class_list":["post-1148","post","type-post","status-publish","format-standard","has-post-thumbnail","hentry","category-mobilite"],"_links":{"self":[{"href":"https:\/\/montesquieu.lestransitionneurs.fr\/leognan-mobilite\/wp-json\/wp\/v2\/posts\/1148","targetHints":{"allow":["GET"]}}],"collection":[{"href":"https:\/\/montesquieu.lestransitionneurs.fr\/leognan-mobilite\/wp-json\/wp\/v2\/posts"}],"about":[{"href":"https:\/\/montesquieu.lestransitionneurs.fr\/leognan-mobilite\/wp-json\/wp\/v2\/types\/post"}],"author":[{"embeddable":true,"href":"https:\/\/montesquieu.lestransitionneurs.fr\/leognan-mobilite\/wp-json\/wp\/v2\/users\/1"}],"replies":[{"embeddable":true,"href":"https:\/\/montesquieu.lestransitionneurs.fr\/leognan-mobilite\/wp-json\/wp\/v2\/comments?post=1148"}],"version-history":[{"count":3,"href":"https:\/\/montesquieu.lestransitionneurs.fr\/leognan-mobilite\/wp-json\/wp\/v2\/posts\/1148\/revisions"}],"predecessor-version":[{"id":1558,"href":"https:\/\/montesquieu.lestransitionneurs.fr\/leognan-mobilite\/wp-json\/wp\/v2\/posts\/1148\/revisions\/1558"}],"wp:featuredmedia":[{"embeddable":true,"href":"https:\/\/montesquieu.lestransitionneurs.fr\/leognan-mobilite\/wp-json\/wp\/v2\/media\/1149"}],"wp:attachment":[{"href":"https:\/\/montesquieu.lestransitionneurs.fr\/leognan-mobilite\/wp-json\/wp\/v2\/media?parent=1148"}],"wp:term":[{"taxonomy":"category","embeddable":true,"href":"https:\/\/montesquieu.lestransitionneurs.fr\/leognan-mobilite\/wp-json\/wp\/v2\/categories?post=1148"},{"taxonomy":"post_tag","embeddable":true,"href":"https:\/\/montesquieu.lestransitionneurs.fr\/leognan-mobilite\/wp-json\/wp\/v2\/tags?post=1148"}],"curies":[{"name":"wp","href":"https:\/\/api.w.org\/{rel}","templated":true}]}}