{"id":1155,"date":"2022-08-19T11:09:41","date_gmt":"2022-08-19T09:09:41","guid":{"rendered":"https:\/\/montesquieu.lestransitionneurs.fr\/leognan\/?p=1155"},"modified":"2022-10-20T02:07:58","modified_gmt":"2022-10-20T00:07:58","slug":"leognan-contexte-cyclable","status":"publish","type":"post","link":"https:\/\/montesquieu.lestransitionneurs.fr\/leognan-mobilite\/leognan-contexte-cyclable\/","title":{"rendered":"L\u00e9ognan: contexte cyclable pr\u00e8s de Bordeaux m\u00e9tropole"},"content":{"rendered":"\n<p>Pour cet article visant \u00e0 montrer les r\u00e9ussites et les rat\u00e9s dans la mise en place d&rsquo;infrastructures cyclables \u00e0 l&rsquo;\u00e9chelle communale, j&rsquo;ai choisi de prendre en exemple la petite ville de L\u00e9ognan (\u2248 11.000 habitants) qui jouxte la M\u00e9tropole de Bordeaux. La <a rel=\"noreferrer noopener\" href=\"https:\/\/www.bordeaux.fr\/p143596\/de-nouveaux-amenagements-pour-les-cyclistes\" target=\"_blank\">capitale girondine<\/a> a lanc\u00e9 en 2021 son <a rel=\"noreferrer noopener\" href=\"https:\/\/www.bougerabordeaux.com\/sinformer\/bordeaux-metropole-devoile-son-grand-plan-velo-pour-les-prochaines-annees\/\" target=\"_blank\">troisi\u00e8me plan v\u00e9lo pr\u00e9voyant d&rsquo;ici 2026 de doubler la part de la bicyclette dans les transports<\/a>. Gr\u00e2ce \u00e0 <a rel=\"noreferrer noopener\" href=\"https:\/\/rue89bordeaux.com\/2021\/11\/bordeaux-metropole-met-plus-de-155-millions-deuros-pour-doubler-les-deplacements-a-velo\/\" target=\"_blank\">un budget de 160 millions d&rsquo;Euros, c&rsquo;est un r\u00e9seau express cyclable de 270 kilom\u00e8tres qui va couvrir l&rsquo;agglom\u00e9ration<\/a> avec l&rsquo;objectif de faire passer la part modale de la bicyclette de 10 \u00e0 18% en 2030. Gr\u00e2ce \u00e0 ces plans v\u00e9lo successifs, <a rel=\"noreferrer noopener\" href=\"https:\/\/www.bordeaux-metropole.fr\/Espace-presse\/Bordeaux-Metropole-dans-le-top-6-des-villes-les-plus-cyclables-du-monde\" target=\"_blank\">Bordeaux M\u00e9tropole s&rsquo;est class\u00e9e dans le top 6 des villes les plus cyclables au monde selon un classement \u00e9tabli en 2017<\/a>. Il est ind\u00e9niable que \u00ab\u00a0la belle endormie\u00a0\u00bb \u00e9tait bien r\u00e9veill\u00e9e pour se positionner en bonne place sur la grille de d\u00e9part de la transition face aux autres grandes villes fran\u00e7aises. Ainsi, elle a su instaurer une vrai culture v\u00e9lo en t\u00e9moignent les nombreuses boutiques de cycles pr\u00e9sentes dans la m\u00e9tropole dont plusieurs sont sp\u00e9cialis\u00e9es dans les v\u00e9lo cargo. <br>En 2022, <a rel=\"noreferrer noopener\" href=\"https:\/\/velo-cite.org\/2022\/02\/17\/barometre-des-villes-cyclables-3e-edition-retour-sur-les-resultats-dans-la-metropole-bordelaise\/\" target=\"_blank\">Bordeaux arrive 5i\u00e8me sur le barom\u00e8tre des villes cyclables \u00e9tablit par la FUB<\/a> alors qu&rsquo;en est-il des communaut\u00e9s d&rsquo;agglom\u00e9rations voisines? <br>B\u00e9n\u00e9ficient-elles de l&rsquo;\u00e9lan pour le v\u00e9lo g\u00e9n\u00e9r\u00e9 par la m\u00e9tropole? <br>Avec leur budget arrivent-elles a cr\u00e9er un r\u00e9seau cyclable tout aussi coh\u00e9rent?<br> La r\u00e9ponse ne semble pas \u00e9vidente, <a rel=\"noreferrer noopener\" href=\"https:\/\/www.francebleu.fr\/infos\/transports\/bordeaux-est-la-4eme-ville-la-plus-embouteillee-de-france-1644401435\" target=\"_blank\">en 2022 Bordeaux reste la quatri\u00e8me ville la plus embouteill\u00e9e de France<\/a> signe que beaucoup trop d&rsquo;habitants venant des agglos alentour utilisent encore leur voiture pour se rendre sur Bordeaux.<\/p>\n\n\n\n<p><a href=\"https:\/\/montesquieu.lestransitionneurs.fr\/leognan-mobilite\/revue-de-presse\/\" target=\"_blank\" rel=\"noreferrer noopener\">Cette revue de presse<\/a>  montre pourtant que dans la Communaut\u00e9 de Communes de Montesquieu et \u00e0 L\u00e9ognan, de vrais investissements sont r\u00e9alis\u00e9s.<br> <br><\/p>\n","protected":false},"excerpt":{"rendered":"<p>Pour cet article visant \u00e0 montrer les r\u00e9ussites et les rat\u00e9s dans la mise en place d&rsquo;infrastructures cyclables \u00e0 l&rsquo;\u00e9chelle<\/p>\n","protected":false},"author":1,"featured_media":1156,"comment_status":"open","ping_status":"open","sticky":false,"template":"","format":"standard","meta":{"footnotes":""},"categories":[27],"tags":[],"class_list":["post-1155","post","type-post","status-publish","format-standard","has-post-thumbnail","hentry","category-mobilite"],"_links":{"self":[{"href":"https:\/\/montesquieu.lestransitionneurs.fr\/leognan-mobilite\/wp-json\/wp\/v2\/posts\/1155","targetHints":{"allow":["GET"]}}],"collection":[{"href":"https:\/\/montesquieu.lestransitionneurs.fr\/leognan-mobilite\/wp-json\/wp\/v2\/posts"}],"about":[{"href":"https:\/\/montesquieu.lestransitionneurs.fr\/leognan-mobilite\/wp-json\/wp\/v2\/types\/post"}],"author":[{"embeddable":true,"href":"https:\/\/montesquieu.lestransitionneurs.fr\/leognan-mobilite\/wp-json\/wp\/v2\/users\/1"}],"replies":[{"embeddable":true,"href":"https:\/\/montesquieu.lestransitionneurs.fr\/leognan-mobilite\/wp-json\/wp\/v2\/comments?post=1155"}],"version-history":[{"count":3,"href":"https:\/\/montesquieu.lestransitionneurs.fr\/leognan-mobilite\/wp-json\/wp\/v2\/posts\/1155\/revisions"}],"predecessor-version":[{"id":1474,"href":"https:\/\/montesquieu.lestransitionneurs.fr\/leognan-mobilite\/wp-json\/wp\/v2\/posts\/1155\/revisions\/1474"}],"wp:featuredmedia":[{"embeddable":true,"href":"https:\/\/montesquieu.lestransitionneurs.fr\/leognan-mobilite\/wp-json\/wp\/v2\/media\/1156"}],"wp:attachment":[{"href":"https:\/\/montesquieu.lestransitionneurs.fr\/leognan-mobilite\/wp-json\/wp\/v2\/media?parent=1155"}],"wp:term":[{"taxonomy":"category","embeddable":true,"href":"https:\/\/montesquieu.lestransitionneurs.fr\/leognan-mobilite\/wp-json\/wp\/v2\/categories?post=1155"},{"taxonomy":"post_tag","embeddable":true,"href":"https:\/\/montesquieu.lestransitionneurs.fr\/leognan-mobilite\/wp-json\/wp\/v2\/tags?post=1155"}],"curies":[{"name":"wp","href":"https:\/\/api.w.org\/{rel}","templated":true}]}}