{"id":1159,"date":"2022-08-19T11:26:30","date_gmt":"2022-08-19T09:26:30","guid":{"rendered":"https:\/\/montesquieu.lestransitionneurs.fr\/leognan\/?p=1159"},"modified":"2022-10-20T02:12:12","modified_gmt":"2022-10-20T00:12:12","slug":"a-la-loupe-les-infrastructures-cyclables-de-leognan-face-au-standard-du-cerema","status":"publish","type":"post","link":"https:\/\/montesquieu.lestransitionneurs.fr\/leognan-mobilite\/a-la-loupe-les-infrastructures-cyclables-de-leognan-face-au-standard-du-cerema\/","title":{"rendered":"A la loupe: les infrastructures cyclables de L\u00e9ognan face au standard du CEREMA"},"content":{"rendered":"\n<p><strong>L&rsquo;enfer est pav\u00e9 de bonnes intentions<\/strong><br><br>L\u00e9ognan est une petite ville \u00e0 proximit\u00e9 directe de Bordeaux connue pour ses vignes&#8230; <br>Ses ch\u00e2teaux attirent les touristes mais aussi les promeneurs gr\u00e2ce \u00e0 ses chemins de Grande Randonn\u00e9e (GR) et bien entendu des cyclosportifs.<br> La ville au fil des ans fait \u00e9voluer son <a rel=\"noreferrer noopener\" href=\"https:\/\/collectivitesviables.org\/sujets\/reseau-viaire.aspx\" target=\"_blank\">offre viaire<\/a> pour essayer de faire cohabiter les diff\u00e9rents usagers: pi\u00e9tons, cyclistes et automobilistes. On peut saluer le fait que la ville cr\u00e9\u00e9e r\u00e9guli\u00e8rement de nouvelles pistes cyclables et voies vertes mais malheureusement trop souvent sans suivre les pr\u00e9conisations du <a rel=\"noreferrer noopener\" href=\"https:\/\/www.cerema.fr\/fr\/cerema\/missions\" target=\"_blank\">CEREMA<\/a>. <br>Le Centre d&rsquo;\u00e9tudes et d&rsquo;expertise sur les risques, l&rsquo;environnement, la mobilit\u00e9 et l&rsquo;am\u00e9nagement (CEREMA) est un\u00a0<a rel=\"noreferrer noopener\" href=\"https:\/\/fr.wikipedia.org\/wiki\/%C3%89tablissement_public_%C3%A0_caract%C3%A8re_administratif\" target=\"_blank\">\u00e9tablissement public \u00e0 caract\u00e8re administratif<\/a>\u00a0plac\u00e9 sous la tutelle conjointe du ministre de la transition \u00e9cologique et du ministre de la coh\u00e9sion des territoires.  <em>Le Cerema apporte aux acteurs territoriaux un appui en terme d&rsquo;ing\u00e9nierie et d&rsquo;expertise technique dans l\u2019optique de favoriser une transition vers une \u00e9conomie sobre en ressources et d\u00e9carbon\u00e9e, respectueuse de l&rsquo;environnement et \u00e9quitable. <\/em> <a rel=\"noreferrer noopener\" href=\"https:\/\/www.cerema.fr\/fr\/mots-cles\/velo\" target=\"_blank\">L&rsquo;utilisation du v\u00e9lo est un des th\u00e8mes principaux sur lequel le Cerema<\/a>, en tant qu&rsquo;expert sur les probl\u00e9matiques d&rsquo;infrastructures propose un accompagnement aux collectivit\u00e9s.<\/p>\n\n\n\n<figure class=\"wp-block-image aligncenter size-full is-resized\"><img loading=\"lazy\" decoding=\"async\" src=\"https:\/\/lestransitionneurs.fr\/wp-content\/uploads\/2022\/05\/CEREMA_Largeur_Piste_Cyclable.jpg\" alt=\"\" class=\"wp-image-714\" width=\"897\" height=\"750\"\/><figcaption>Une toute nouvelle piste bidirectionnelle a \u00e9t\u00e9 cr\u00e9\u00e9 dans le centre L\u00e9ognan d&rsquo;une largeur d&rsquo;\u00e0 peine 2,4m. Avec juste 1m20 par sens de circulation, c&rsquo;est bien en dessous de ce que pr\u00e9conise le CERAMA.<\/figcaption><\/figure>\n\n\n\n<p><strong>PISTE CYCLABLE<\/strong><\/p>\n\n\n\n<figure class=\"wp-block-image size-large\"><img decoding=\"async\" src=\"https:\/\/lestransitionneurs.fr\/wp-content\/uploads\/2022\/05\/202205.Leogan_piste-bidirectionnelle-1024x683.jpg\" alt=\"\" class=\"wp-image-718\"\/><figcaption>Des pistes cyclables pas suffisamment larges, des pi\u00e9tons sans trottoirs<\/figcaption><\/figure>\n\n\n\n<p><br>Par exemple, le CEREMA a cr\u00e9\u00e9 un <strong><a href=\"https:\/\/www.cerema.fr\/fr\/actualites\/8-recommandations-reussir-votre-piste-cyclable\" target=\"_blank\" rel=\"noreferrer noopener\">guide extr\u00eamement d\u00e9taill\u00e9 en 8 points pour r\u00e9ussir une piste cyclable<\/a><\/strong> mais la plupart des municipalit\u00e9s s&rsquo;ent\u00eate \u00e0 ne suivre aucune des pr\u00e9conisations, ce qui m\u00e8ne \u00e0 la cr\u00e9ation de pistes peu pratiques et qui en cons\u00e9quence ne seront pas utilis\u00e9es par ceux \u00e0 qui elles se destinent. En compl\u00e9ment sur le site, il y a \u00e9galement <a href=\"https:\/\/www.cerema.fr\/fr\/actualites\/amenagements-faveur-du-velo-serie-fiches-pratiques-du-cerema\" target=\"_blank\" rel=\"noreferrer noopener\">une quarantaine de fiches \u00e0 destination des collectivit\u00e9s sur comment faire des am\u00e9nagements favorables aux v\u00e9los<\/a> ou encore les <a href=\"https:\/\/www.cerema.fr\/fr\/centre-ressources\/boutique\/voies-vertes-choix-techniques\" target=\"_blank\" rel=\"noreferrer noopener\">bonnes pratiques en mati\u00e8re de voie verte<\/a>.<br><br>Voici un bref r\u00e9sum\u00e9 des recommandations du CEREMA en mati\u00e8re de piste cyclable:<\/p>\n\n\n\n<ul class=\"wp-block-list\"><li>Fixer des largeurs r\u00e9pondant aux exigences de capacit\u00e9 et de confort soit 3m de large minimum pour une piste bidirectionnelle<\/li><li>Maintenir la continuit\u00e9 de la piste cyclable<\/li><li>assurer une s\u00e9paration efficace avec la chauss\u00e9e g\u00e9n\u00e9rale<\/li><li>am\u00e9nager une s\u00e9paration avec le trottoir franche, lisible<\/li><li>proposer des rayons de courbures qui optimisent les d\u00e9placements \u00e0 v\u00e9lo<\/li><li>optimiser le franchissement des seuils<\/li><li>carrefours: assurer des franchissements confortables et s\u00fbrs notamment en choisissant un r\u00e9gime de priorit\u00e9 adapt\u00e9&nbsp;qui ne p\u00e9nalise pas les cyclistes<\/li><\/ul>\n\n\n\n<p>Comme on peut le constater dans les articles \u00e0 suivre, la ville de L\u00e9ognan ne coche aucune des cases sur <a href=\"https:\/\/www.maiavelo.fr\/wp-content\/uploads\/sites\/3\/2021\/05\/cahier_du_cerema_vdef_num_bd.pdf\" target=\"_blank\" rel=\"noreferrer noopener\">la checklist propos\u00e9 par le CEREMA<\/a> \ud83d\ude14<\/p>\n","protected":false},"excerpt":{"rendered":"<p>L&rsquo;enfer est pav\u00e9 de bonnes intentions L\u00e9ognan est une petite ville \u00e0 proximit\u00e9 directe de Bordeaux connue pour ses vignes&#8230;<\/p>\n","protected":false},"author":1,"featured_media":1160,"comment_status":"open","ping_status":"open","sticky":false,"template":"","format":"standard","meta":{"footnotes":""},"categories":[27,1],"tags":[],"class_list":["post-1159","post","type-post","status-publish","format-standard","has-post-thumbnail","hentry","category-mobilite","category-pistes-cyclables"],"_links":{"self":[{"href":"https:\/\/montesquieu.lestransitionneurs.fr\/leognan-mobilite\/wp-json\/wp\/v2\/posts\/1159","targetHints":{"allow":["GET"]}}],"collection":[{"href":"https:\/\/montesquieu.lestransitionneurs.fr\/leognan-mobilite\/wp-json\/wp\/v2\/posts"}],"about":[{"href":"https:\/\/montesquieu.lestransitionneurs.fr\/leognan-mobilite\/wp-json\/wp\/v2\/types\/post"}],"author":[{"embeddable":true,"href":"https:\/\/montesquieu.lestransitionneurs.fr\/leognan-mobilite\/wp-json\/wp\/v2\/users\/1"}],"replies":[{"embeddable":true,"href":"https:\/\/montesquieu.lestransitionneurs.fr\/leognan-mobilite\/wp-json\/wp\/v2\/comments?post=1159"}],"version-history":[{"count":6,"href":"https:\/\/montesquieu.lestransitionneurs.fr\/leognan-mobilite\/wp-json\/wp\/v2\/posts\/1159\/revisions"}],"predecessor-version":[{"id":1476,"href":"https:\/\/montesquieu.lestransitionneurs.fr\/leognan-mobilite\/wp-json\/wp\/v2\/posts\/1159\/revisions\/1476"}],"wp:featuredmedia":[{"embeddable":true,"href":"https:\/\/montesquieu.lestransitionneurs.fr\/leognan-mobilite\/wp-json\/wp\/v2\/media\/1160"}],"wp:attachment":[{"href":"https:\/\/montesquieu.lestransitionneurs.fr\/leognan-mobilite\/wp-json\/wp\/v2\/media?parent=1159"}],"wp:term":[{"taxonomy":"category","embeddable":true,"href":"https:\/\/montesquieu.lestransitionneurs.fr\/leognan-mobilite\/wp-json\/wp\/v2\/categories?post=1159"},{"taxonomy":"post_tag","embeddable":true,"href":"https:\/\/montesquieu.lestransitionneurs.fr\/leognan-mobilite\/wp-json\/wp\/v2\/tags?post=1159"}],"curies":[{"name":"wp","href":"https:\/\/api.w.org\/{rel}","templated":true}]}}