{"id":1162,"date":"2022-08-19T11:41:22","date_gmt":"2022-08-19T09:41:22","guid":{"rendered":"https:\/\/montesquieu.lestransitionneurs.fr\/leognan\/?p=1162"},"modified":"2022-10-20T02:31:33","modified_gmt":"2022-10-20T00:31:33","slug":"stationnement-velo","status":"publish","type":"post","link":"https:\/\/montesquieu.lestransitionneurs.fr\/leognan-mobilite\/stationnement-velo\/","title":{"rendered":"Stationnement v\u00e9lo"},"content":{"rendered":"\n<p>Le stationnement pour les v\u00e9los, afin de r\u00e9pondre aux besoins des cyclistes, doit \u00eatre visible, pratique, accessible, facile \u00e0 utiliser. <br>Les emplacements v\u00e9lo doivent prioritairement \u00eatre \u00e0 proximit\u00e9 ou dans le prolongement du cheminement du cycliste. La distance entre la destination (commerce, lieu culturel, jardin public..) et le stationnement des v\u00e9los influence leur utilisation. <br>Par cons\u00e9quent, il est important de d\u00e9velopper une offre de stationnement v\u00e9lo r\u00e9guli\u00e8re et adapt\u00e9e aux besoins en termes de volume, au risque de voir se multiplier les points d\u2019ancrages inadapt\u00e9s, voire dangereux pour les autres usagers de l\u2019espace public. Exemple concret sur la photo ci-dessous au niveau de l&rsquo;espace culturel Georges Brassens (Biblioth\u00e8que, Cin\u00e9ma, salle expo&#8230;) qui ne dispose que de deux bornes pour attacher les v\u00e9los. <br>Une famille lambda \u00e0 v\u00e9lo de deux parents et deux enfants suffisent \u00e0 saturer le stationnement v\u00e9lo de ce quartier (alors m\u00eame qu&rsquo;une \u00e9cole est juste en face multipliant les besoins en place v\u00e9lo). <br>Comme on le voit sur cette photo, les autres cyclistes n&rsquo;ayant d&rsquo;autres choix que d&rsquo;utiliser comme point d&rsquo;ancrage le mobilier urbain ce qui est interdit notamment car cela pousse \u00e0 stationner sur le trottoir ce qui est une g\u00eane pour les pi\u00e9tons.<\/p>\n\n\n\n<figure class=\"wp-block-image size-large\"><a href=\"https:\/\/lestransitionneurs.fr\/wp-content\/uploads\/2022\/05\/202205.Arceaux-velo-ecgb.jpg\"><img decoding=\"async\" src=\"https:\/\/lestransitionneurs.fr\/wp-content\/uploads\/2022\/05\/202205.Arceaux-velo-ecgb-1024x683.jpg\" alt=\"\" class=\"wp-image-700\"\/><\/a><figcaption>Les antivols \u00e0 c\u00e2ble sur cette photo sont \u00e0 bannir car ils se coupent en quelques secondes avec une simple pince coupante<\/figcaption><\/figure>\n\n\n\n<p>Il est imp\u00e9ratif que les dispositifs d&rsquo;attache install\u00e9s par la commune permettent d&rsquo;accrocher le cadre et au moins une roue.<br>Il est \u00e9galement souhaitable de proposer une offre de stationnement diversifi\u00e9e, adapt\u00e9e aux diff\u00e9rents types de v\u00e9los dont l\u2019usage est en plein essor :<br>bi-porteurs, tri-porteurs, v\u00e9los allong\u00e9s, v\u00e9los enfants, v\u00e9los avec remorques\u2026 <br>Il faut donc privil\u00e9gier les potelets et arceaux, les r\u00e2teliers de type \u00ab\u00a0pince roue\u00a0\u00bb sont \u00e0 proscrire car il ne permettent pas de s\u00e9curiser correctement le cadre avec un antivol.<br> De plus engager son v\u00e9lo dans ce type de rack risque d&rsquo;abimer les rayons voire les disques de freins, les pneus larges ne rentrent tout simplement pas dedans (les v\u00e9lo \u00e0 assistance \u00e9lectrique, les fatbike, trike, cargo&#8230; ont des boudins trop gros pour s&rsquo;y glisser.) <br>Il faut vraiment prendre en compte l&rsquo;<a href=\"https:\/\/www.cleanrider.com\/actus\/le-velo-cargo-fait-sa-revolution-en-europe\/\" target=\"_blank\" rel=\"noreferrer noopener\">apparition des bi et triporteurs dans le paysage urbain<\/a>. Leur large caisse permet difficilement d&rsquo;approcher le cadre des points d&rsquo;attache, il faut donc des supports d\u00e9di\u00e9s. Par exemple, la <a href=\"https:\/\/www.20minutes.fr\/planete\/2884199-20201016-strasbourg-quatre-prototypes-arceaux-velos-cargos-testes-eviter-vols\" target=\"_blank\" rel=\"noreferrer noopener\">ville de Strasbourg depuis 2020 met en place des arceaux d\u00e9di\u00e9s au v\u00e9lo cargo<\/a> et il serait bon que L\u00e9ognan s&rsquo;en inspire.<br> Les <a href=\"https:\/\/www.v-logistique.com\/2021-07-13\/le-velo-cargo-prend-son-envol-en-france\" target=\"_blank\" rel=\"noreferrer noopener\">ventes de v\u00e9lo cargo ont bondi de 354% en 2020 en France<\/a> et ce n&rsquo;est pas pr\u00eat de s&rsquo;arr\u00eater car c&rsquo;est le <a href=\"https:\/\/www.capital.fr\/entreprises-marches\/les-velos-cargos-se-faufilent-dans-les-villes-allemandes-1285553\" target=\"_blank\" rel=\"noreferrer noopener\">v\u00e9hicule familial id\u00e9al pour remplacer la voiture au quotidien<\/a>. Mais les professionnels ne sont pas en reste et nombreux sont les artisans \u00e0 adopter le cargo. Exemple ci-dessous, un triporteur <a rel=\"noreferrer noopener\" href=\"https:\/\/www.butchersandbicycles.com\/\" target=\"_blank\">Butchers &amp; Bicycles<\/a> utilisant une barri\u00e8re comme point d&rsquo;attache dans le centre de L\u00e9ognan.<\/p>\n\n\n\n<figure class=\"wp-block-image size-large\"><img decoding=\"async\" src=\"https:\/\/lestransitionneurs.fr\/wp-content\/uploads\/2022\/05\/2022.Cargo_Butchers-Bicycles-1024x693.jpg\" alt=\"\" class=\"wp-image-738\"\/><\/figure>\n\n\n\n<p>Le <a rel=\"noreferrer noopener\" href=\"https:\/\/www.sudouest.fr\/gironde\/leognan\/en-images-leognan-dimanche-a-la-decouverte-du-domaine-de-pontaulic-2942847.php\" target=\"_blank\">Parc de Pontaulic\u00a0de L\u00e9ognan<\/a> fraichement am\u00e9nag\u00e9 s&rsquo;est vu malheureusement dot\u00e9 de r\u00e2teliers \u00ab\u00a0pince roue\u00a0\u00bb dont l&rsquo;utilit\u00e9 est tr\u00e8s limit\u00e9e quelque soit le type de v\u00e9lo qu&rsquo;on souhaite y mettre. <\/p>\n\n\n\n<figure class=\"wp-block-image size-large\"><a href=\"https:\/\/lestransitionneurs.fr\/wp-content\/uploads\/2022\/05\/2022.Stationnement-velo-parc-pontaulic-leognan.jpg\"><img decoding=\"async\" src=\"https:\/\/lestransitionneurs.fr\/wp-content\/uploads\/2022\/05\/2022.Stationnement-velo-parc-pontaulic-leognan-1024x683.jpg\" alt=\"\" class=\"wp-image-703\"\/><\/a><figcaption>Quoi de mieux qu&rsquo;une sortie au jardin public en arrivant avec les enfants dans la caisse du biporteur? Dommage qu&rsquo;il soit impossible d&rsquo;y attacher son v\u00e9lo<\/figcaption><\/figure>\n\n\n\n<p>Avec ces racks, impossible de passer un antivol en U (les plus efficaces) dans le cadre et la roue pour s\u00e9curiser le v\u00e9lo&#8230;<\/p>\n\n\n\n<figure class=\"wp-block-image size-large\"><a href=\"https:\/\/lestransitionneurs.fr\/wp-content\/uploads\/2022\/05\/202205.Velo-cargo-pince-roue.jpg\"><img decoding=\"async\" src=\"https:\/\/lestransitionneurs.fr\/wp-content\/uploads\/2022\/05\/202205.Velo-cargo-pince-roue-1024x683.jpg\" alt=\"\" class=\"wp-image-704\"\/><\/a><figcaption>Le pince roue est totalement inadapt\u00e9 pour laisser son v\u00e9lo attach\u00e9<\/figcaption><\/figure>\n\n\n\n<p>Pas plus de chance dans le centre ville de L\u00e9ognan qui vient de se doter face au bureau de Poste des m\u00eames \u00ab\u00a0pince roues\u00a0\u00bb. On notera au passage, le nombre anecdotique d&#8217;emplacements v\u00e9los dans le centre.<br> Il est urgent que la mairie mette en place des emplacements v\u00e9los en nombre suffisant et avec des arceaux s\u00e9curisant. <br>En effet, si je prends l&rsquo;exemple du march\u00e9 du samedi qui attire beaucoup de monde, le centre est totalement satur\u00e9 de voitures alors que les habitants pourraient venir \u00e0 bicyclette comme chantait si bien Yves Montand. Malheureusement, aucun emplacement n&rsquo;est pr\u00e9vu pour accueillir un grand nombre de v\u00e9lo. Il faut rapidement convertir quelques places de stationnement automobile en emplacement pour les diff\u00e9rents cycles existant. <br>Il est tr\u00e8s important que les am\u00e9nagements \u00e0 destinations des v\u00e9los ne se fassent pas en confisquant de l&rsquo;espace au pi\u00e9ton d\u00e9j\u00e0 peu g\u00e2t\u00e9 dans L\u00e9ognan.<br> Il n&rsquo;est pas plus acceptable de b\u00e9tonner des espaces verts qui doivent-\u00eatre au maximum pr\u00e9serv\u00e9s pour casser les ilots de chaleurs. <br>Id\u00e9alement, nous pourrions m\u00eame envisager de mettre sous pr\u00e9au le stationnement v\u00e9lo. Nous pourrions \u00e9galement imaginer que le toit soit couvert d&rsquo;un panneau solaire alimentant une prise de recharge pour les v\u00e9los \u00e0 assistance \u00e9lectrique dont le nombre va grandissant.<\/p>\n\n\n\n<figure class=\"wp-block-image size-large\"><a href=\"https:\/\/lestransitionneurs.fr\/wp-content\/uploads\/2022\/05\/202205.Rack-velo_Pince-roue_VS_Velo-Cargo.jpg\"><img decoding=\"async\" src=\"https:\/\/lestransitionneurs.fr\/wp-content\/uploads\/2022\/05\/202205.Rack-velo_Pince-roue_VS_Velo-Cargo-1024x683.jpg\" alt=\"\" class=\"wp-image-706\"\/><\/a><figcaption>Les racks \u00e0 v\u00e9los ne doivent pas \u00eatre simplement boulonn\u00e9s au sol mais r\u00e9ellement scell\u00e9s dans ce dernier.<\/figcaption><\/figure>\n\n\n\n<p><strong>Ou trouver de la place pour cr\u00e9er des stationnements v\u00e9lo?<\/strong><\/p>\n\n\n\n<p>Une place de stationnement automobile occupe en moyenne 12 m\u00b2 d\u2019espace public, soit la place de 6 \u00e0 8 v\u00e9los. Souvent utilis\u00e9 en centre-ville pour soutenir le petit commerce, cet espace pro-automobile peut facilement \u00eatre reconverti en emplacement v\u00e9lo. Supprimer un stationnement voiture, c&rsquo;est cr\u00e9er un espace pour une petite dizaine de cycliste. (voir <a href=\"https:\/\/detours.canal.fr\/a-bruxelles-des-parking-a-velo-en-forme-de-voiture-pour-sensibiliser-la-population\/\" target=\"_blank\" rel=\"noreferrer noopener\">exemple \u00e0 Bruxelles<\/a>). <br>L\u00e9ognan poss\u00e8de des places de stationnements coll\u00e9es \u00e0 des passages pi\u00e9tons ce qui est d\u00e9sormais interdit et n\u00e9cessite une mise en conformit\u00e9 (<a href=\"https:\/\/montesquieu.lestransitionneurs.fr\/leognan-mobilite\/mettre-en-conformite-les-passages-pietons-une-urgence-a-leognan\/\" target=\"_blank\" rel=\"noreferrer noopener\">voir d\u00e9tail ici<\/a>). Une opportunit\u00e9 pour cr\u00e9er des places v\u00e9los.<\/p>\n\n\n\n<p><\/p>\n\n\n\n<figure class=\"wp-block-image size-full\"><img loading=\"lazy\" decoding=\"async\" width=\"640\" height=\"426\" src=\"https:\/\/montesquieu.lestransitionneurs.fr\/leognan\/wp-content\/uploads\/sites\/2\/2022\/08\/Cyclehoop-Bike-rack_Bruxelles.jpg\" alt=\"\" class=\"wp-image-1164\" srcset=\"https:\/\/montesquieu.lestransitionneurs.fr\/leognan-mobilite\/wp-content\/uploads\/sites\/2\/2022\/08\/Cyclehoop-Bike-rack_Bruxelles.jpg 640w, https:\/\/montesquieu.lestransitionneurs.fr\/leognan-mobilite\/wp-content\/uploads\/sites\/2\/2022\/08\/Cyclehoop-Bike-rack_Bruxelles-300x200.jpg 300w\" sizes=\"auto, (max-width: 640px) 100vw, 640px\" \/><figcaption>Exemple \u00e0 Bruxelles ou les arceaux v\u00e9lo sont d\u00e9limit\u00e9s par une silhouette symbolisant le gabarit d&rsquo;une voiture <\/figcaption><\/figure>\n","protected":false},"excerpt":{"rendered":"<p>Le stationnement pour les v\u00e9los, afin de r\u00e9pondre aux besoins des cyclistes, doit \u00eatre visible, pratique, accessible, facile \u00e0 utiliser.<\/p>\n","protected":false},"author":1,"featured_media":1163,"comment_status":"open","ping_status":"open","sticky":false,"template":"","format":"standard","meta":{"footnotes":""},"categories":[27],"tags":[],"class_list":["post-1162","post","type-post","status-publish","format-standard","has-post-thumbnail","hentry","category-mobilite"],"_links":{"self":[{"href":"https:\/\/montesquieu.lestransitionneurs.fr\/leognan-mobilite\/wp-json\/wp\/v2\/posts\/1162","targetHints":{"allow":["GET"]}}],"collection":[{"href":"https:\/\/montesquieu.lestransitionneurs.fr\/leognan-mobilite\/wp-json\/wp\/v2\/posts"}],"about":[{"href":"https:\/\/montesquieu.lestransitionneurs.fr\/leognan-mobilite\/wp-json\/wp\/v2\/types\/post"}],"author":[{"embeddable":true,"href":"https:\/\/montesquieu.lestransitionneurs.fr\/leognan-mobilite\/wp-json\/wp\/v2\/users\/1"}],"replies":[{"embeddable":true,"href":"https:\/\/montesquieu.lestransitionneurs.fr\/leognan-mobilite\/wp-json\/wp\/v2\/comments?post=1162"}],"version-history":[{"count":3,"href":"https:\/\/montesquieu.lestransitionneurs.fr\/leognan-mobilite\/wp-json\/wp\/v2\/posts\/1162\/revisions"}],"predecessor-version":[{"id":1486,"href":"https:\/\/montesquieu.lestransitionneurs.fr\/leognan-mobilite\/wp-json\/wp\/v2\/posts\/1162\/revisions\/1486"}],"wp:featuredmedia":[{"embeddable":true,"href":"https:\/\/montesquieu.lestransitionneurs.fr\/leognan-mobilite\/wp-json\/wp\/v2\/media\/1163"}],"wp:attachment":[{"href":"https:\/\/montesquieu.lestransitionneurs.fr\/leognan-mobilite\/wp-json\/wp\/v2\/media?parent=1162"}],"wp:term":[{"taxonomy":"category","embeddable":true,"href":"https:\/\/montesquieu.lestransitionneurs.fr\/leognan-mobilite\/wp-json\/wp\/v2\/categories?post=1162"},{"taxonomy":"post_tag","embeddable":true,"href":"https:\/\/montesquieu.lestransitionneurs.fr\/leognan-mobilite\/wp-json\/wp\/v2\/tags?post=1162"}],"curies":[{"name":"wp","href":"https:\/\/api.w.org\/{rel}","templated":true}]}}