{"id":1169,"date":"2022-08-19T12:01:59","date_gmt":"2022-08-19T10:01:59","guid":{"rendered":"https:\/\/montesquieu.lestransitionneurs.fr\/leognan\/?p=1169"},"modified":"2022-10-20T02:43:24","modified_gmt":"2022-10-20T00:43:24","slug":"constatations-sur-la-conformite-des-amenagements","status":"publish","type":"post","link":"https:\/\/montesquieu.lestransitionneurs.fr\/leognan-mobilite\/constatations-sur-la-conformite-des-amenagements\/","title":{"rendered":"Constatations sur la conformit\u00e9 des am\u00e9nagements"},"content":{"rendered":"\n<p>Dans le <a href=\"https:\/\/www.leognan.fr\/le-lien-n8\/\">magazine de la commune de juillet 2022<\/a>, l&rsquo;adjoint \u00e0 l&rsquo;am\u00e9nagement et aux infrastructures ainsi que le directeur des services techniques de L\u00e9ognan pr\u00e9sentaient les nouveaux am\u00e9nagements cyclables en mettant en avant cette photo d&rsquo;un passage pi\u00e9ton qui n&rsquo;est pas aux normes:<\/p>\n\n\n\n<figure class=\"wp-block-image size-large\"><img decoding=\"async\" src=\"https:\/\/lestransitionneurs.fr\/wp-content\/uploads\/2022\/07\/2022.Leognan_Alle_Sousa_Lendes_erreurs-1024x607.jpg\" alt=\"\" class=\"wp-image-1106\"\/><\/figure>\n\n\n\n<p><br>&#8211;&nbsp;<strong>ligne d&rsquo;effet<\/strong> (1)&nbsp;: Avant le passage pi\u00e9ton : cette derni\u00e8re marque l&rsquo;endroit o\u00f9 doit s&rsquo;arr\u00eater la voiture pour c\u00e9der le passage aux pi\u00e9tons. En regardant le lien ci-dessous, vous verrez que la ligne d&rsquo;effet doit \u00eatre&nbsp;2 \u00e0 5 m\u00e8tres devant chaque passage pour pi\u00e9tons.&nbsp; Ici, le d\u00e9but de la ligne est directement coll\u00e9e au passage pi\u00e9ton.<\/p>\n\n\n\n<p><a href=\"https:\/\/mobile.interieur.gouv.fr\/Archives\/Archives-des-actualites\/2019-Actualites\/Passage-pietons-amenagement-d-une-zone-tampon-de-securite\" target=\"_blank\" rel=\"noreferrer noopener\">https:\/\/mobile.interieur.gouv.fr\/Archives\/Archives-des-actualites\/2019-Actualites\/Passage-pietons-amenagement-d-une-zone-tampon-de-securite<\/a><\/p>\n\n\n\n<p>&#8211;&nbsp;<strong>marquage au sol<\/strong> (2): un passage pi\u00e9ton est interdit aux cyclistes quand la peinture verte est d\u00e9di\u00e9e au marquage d&rsquo;espace&nbsp;cyclable. Le m\u00e9lange vert \/ blanc ne r\u00e9pond \u00e0&nbsp;aucune norme, comment l&rsquo;interpr\u00e9ter? A L\u00e9ognan nous aurions le droit de faire du&nbsp;v\u00e9lo&nbsp;sur un passage pi\u00e9ton? La standard est de s\u00e9parer le passage pi\u00e9ton du couloir&nbsp;cyclable.<br>=&gt; non respect de la circulaire de 1996<br><a href=\"https:\/\/www.legifrance.gouv.fr\/jorf\/id\/JORFTEXT000000376640\" target=\"_blank\" rel=\"noreferrer noopener\">https:\/\/www.legifrance.gouv.fr\/jorf\/id\/JORFTEXT000000376640<\/a><br>En regardant&nbsp; l&rsquo;INSTRUCTION INTERMINIST\u00c9RIELLE SUR LA SIGNALISATION ROUTI\u00c8RE, il est quasi certain que le marquage au sol de biais n&rsquo;est pas conforme non plus.<br><a href=\"http:\/\/www.msr25.doubs.equipement.gouv.fr\/IMG\/pdf\/iisr_7eme_partie_marques_sur_chaussee.pdf\" target=\"_blank\" rel=\"noreferrer noopener\">http:\/\/www.msr25.doubs.equipement.gouv.fr\/IMG\/pdf\/iisr_7eme_partie_marques_sur_chaussee.pdf<\/a><\/p>\n\n\n\n<p>&#8211;&nbsp;<strong>Signalisation verticale<\/strong> (3): Des panneaux sont manquants ainsi que d&rsquo;autres petites choses pour \u00eatre conforme.<br><a href=\"https:\/\/www.blog-direct-signaletique.com\/conseils-normes-accessibilite-passage-pietons\/\" target=\"_blank\" rel=\"noreferrer noopener\">https:\/\/www.blog-direct-signaletique.com\/conseils-normes-accessibilite-passage-pietons\/<\/a><\/p>\n\n\n\n<p><\/p>\n\n\n\n<p><\/p>\n","protected":false},"excerpt":{"rendered":"<p>Dans le magazine de la commune de juillet 2022, l&rsquo;adjoint \u00e0 l&rsquo;am\u00e9nagement et aux infrastructures ainsi que le directeur des<\/p>\n","protected":false},"author":1,"featured_media":1171,"comment_status":"open","ping_status":"open","sticky":false,"template":"","format":"standard","meta":{"footnotes":""},"categories":[27],"tags":[],"class_list":["post-1169","post","type-post","status-publish","format-standard","has-post-thumbnail","hentry","category-mobilite"],"_links":{"self":[{"href":"https:\/\/montesquieu.lestransitionneurs.fr\/leognan-mobilite\/wp-json\/wp\/v2\/posts\/1169","targetHints":{"allow":["GET"]}}],"collection":[{"href":"https:\/\/montesquieu.lestransitionneurs.fr\/leognan-mobilite\/wp-json\/wp\/v2\/posts"}],"about":[{"href":"https:\/\/montesquieu.lestransitionneurs.fr\/leognan-mobilite\/wp-json\/wp\/v2\/types\/post"}],"author":[{"embeddable":true,"href":"https:\/\/montesquieu.lestransitionneurs.fr\/leognan-mobilite\/wp-json\/wp\/v2\/users\/1"}],"replies":[{"embeddable":true,"href":"https:\/\/montesquieu.lestransitionneurs.fr\/leognan-mobilite\/wp-json\/wp\/v2\/comments?post=1169"}],"version-history":[{"count":2,"href":"https:\/\/montesquieu.lestransitionneurs.fr\/leognan-mobilite\/wp-json\/wp\/v2\/posts\/1169\/revisions"}],"predecessor-version":[{"id":1494,"href":"https:\/\/montesquieu.lestransitionneurs.fr\/leognan-mobilite\/wp-json\/wp\/v2\/posts\/1169\/revisions\/1494"}],"wp:featuredmedia":[{"embeddable":true,"href":"https:\/\/montesquieu.lestransitionneurs.fr\/leognan-mobilite\/wp-json\/wp\/v2\/media\/1171"}],"wp:attachment":[{"href":"https:\/\/montesquieu.lestransitionneurs.fr\/leognan-mobilite\/wp-json\/wp\/v2\/media?parent=1169"}],"wp:term":[{"taxonomy":"category","embeddable":true,"href":"https:\/\/montesquieu.lestransitionneurs.fr\/leognan-mobilite\/wp-json\/wp\/v2\/categories?post=1169"},{"taxonomy":"post_tag","embeddable":true,"href":"https:\/\/montesquieu.lestransitionneurs.fr\/leognan-mobilite\/wp-json\/wp\/v2\/tags?post=1169"}],"curies":[{"name":"wp","href":"https:\/\/api.w.org\/{rel}","templated":true}]}}