{"id":1304,"date":"2022-08-19T00:01:00","date_gmt":"2022-08-18T22:01:00","guid":{"rendered":"https:\/\/montesquieu.lestransitionneurs.fr\/leognan-mobilite\/?p=1304"},"modified":"2025-04-12T19:14:54","modified_gmt":"2025-04-12T17:14:54","slug":"revue-de-presse","status":"publish","type":"post","link":"https:\/\/montesquieu.lestransitionneurs.fr\/leognan-mobilite\/revue-de-presse\/","title":{"rendered":"Revue de presse comment\u00e9e"},"content":{"rendered":"\n<p><br>20\/05\/2024 &#8211; <a href=\"https:\/\/www.sudouest.fr\/gironde\/leognan\/leognan-une-piste-d-education-routiere-permanente-installee-19514066.php#:~:text=Publi%C3%A9%20le%2020%2F05%2F2024,c%C5%93ur%20du%20parc%20de%20Pontaulic.\">L\u00e9ognan\u00a0: une piste d\u2019\u00e9ducation routi\u00e8re permanente install\u00e9e<\/a><br>12\/12\/2022 &#8211; <a href=\"https:\/\/www.sudouest.fr\/gironde\/leognan\/leognan-une-ville-prudente-en-matiere-de-securite-routiere-13308270.php\">L\u00e9ognan\u00a0: une \u00ab\u00a0ville prudente\u00a0\u00bb en mati\u00e8re de S\u00e9curit\u00e9 routi\u00e8re<\/a> : installation du panneau re\u00e7u quelques moi plus t\u00f4t. <br>07\/04\/2022 \u2013\u00a0<a href=\"https:\/\/www.sudouest.fr\/gironde\/leognan\/leognan-recoit-officiellement-son-label-de-ville-prudente-10469497.php\">L\u00e9ognan re\u00e7oit officiellement son label de ville prudente<\/a><br><a href=\"https:\/\/www.villeprudente.fr\/leognan-grimpe-les-echelons-du-label\/\">L\u00e9ognan re\u00e7oit 3 c\u0153urs<\/a>\u00a0pour l\u2019am\u00e9lioration des infrastructures pour diminuer les risques d\u2019accidents, capacit\u00e9 de la commune \u00e0 analyser les risques li\u00e9s \u00e0 la route\u2026 volont\u00e9 de la commune \u00e0 faire appliquer les r\u00e8gles de pr\u00e9vention par ses agents municipaux.<br>12\/01\/2022 \u2013\u00a0<a href=\"https:\/\/www.sudouest.fr\/gironde\/leognan\/leognan-un-forfait-mobilites-durables-pour-les-agents-de-la-ville-7691852.php\">L\u00e9ognan\u00a0: un forfait mobilit\u00e9s durables pour les agents de la Ville<\/a><br>12\/2021 &#8211; <a href=\"https:\/\/www.document-en-ligne.fr\/Leognan\/LeMAG\/Numero-4-2021\/\">Les gendarmes font aussi du v\u00e9lo<\/a> (extrait du magazine N\u00b04 de L\u00e9ognan, cf capture plus bas)<br>17\/10\/2021 \u2013\u00a0<a href=\"https:\/\/www.sudouest.fr\/environnement\/a-leognan-une-piste-cyclable-respectueuse-de-l-environnement-6590096.php\">\u00c0 L\u00e9ognan, une piste cyclable respectueuse de l\u2019environnement<\/a><br>04\/10\/2021 \u2013\u00a0<a href=\"https:\/\/www.gironde.fr\/espace-presse\/220-km-pour-la-piste-cyclable-scandiberique-travaux-entre-leognan-et-martillac-du-11\">220 KM POUR LA PISTE CYCLABLE SCANDIB\u00c9RIQUE \u2013 TRAVAUX ENTRE L\u00c9OGNAN ET MARTILLAC<\/a><br>15\/06\/2021 \u2013\u00a0<a href=\"https:\/\/www.sudouest.fr\/gironde\/leognan\/leognan-la-scandiberique-donne-le-coup-d-envoi-d-un-reseau-de-voies-cyclables-3749416.php\">L\u00e9ognan\u00a0: la Scandib\u00e9rique donne le coup d\u2019envoi d\u2019un r\u00e9seau de voies cyclables<\/a><br>07\/06\/2021 \u2013\u00a0<a href=\"http:\/\/xn--lognan%20-b4a:%20une%20nouvelle%20piste%20cyclable%20am%C3%A9nag%C3%A9e%20chemin%20Gazin\/\">L\u00e9ognan : une nouvelle piste cyclable am\u00e9nag\u00e9e chemin Gazin<\/a><br>21\/03\/2021 \u2013\u00a0<a href=\"https:\/\/www.sudouest.fr\/gironde\/leognan\/leognan-premiers-amenagements-pour-ameliorer-le-cadre-de-vie-1557433.php\">L\u00e9ognan\u00a0: premiers am\u00e9nagements pour am\u00e9liorer le cadre de vie<\/a><br>Cet article \u00e9voque le prolongement de la piste cyclable devant l\u2019\u00e9cole Kergomard. <strong>Le maire souhaite accentuer les actions sur la s\u00e9curit\u00e9 routi\u00e8re avec la mise en place d\u2019un groupe de travail sp\u00e9cifique<\/strong>. Esp\u00e9rons qu\u2019il entende le collectif circulations douces\ud83d\ude09<\/p>\n\n\n\n<!--more-->\n\n\n\n<p>01\/11\/2017 \u2013&nbsp;<a href=\"https:\/\/www.sudouest.fr\/gironde\/leognan\/une-nouvelle-piste-cyclable-4826661.php\">Une nouvelle piste cyclable<\/a>   <em>(<a rel=\"noreferrer noopener\" href=\"https:\/\/montesquieu.lestransitionneurs.fr\/leognan-mobilite\/wp-content\/uploads\/sites\/2\/2022\/09\/2017-Une-nouvelle-piste-cyclable__.pdf\" target=\"_blank\">texte int\u00e9gral<\/a>)<\/em><br>Le maire Laurent Barban \u00e0 l\u2019occasion de l\u2019inauguration de la piste cyclable avenue de Cadaujac, l\u2019a pr\u00e9sent\u00e9 de mani\u00e8re surprenante:<br><mark style=\"background-color:rgba(0, 0, 0, 0)\" class=\"has-inline-color has-vivid-red-color\"><em>\u00ab\u00a0Cette voie en site propre peut \u00eatre aussi utilis\u00e9e par des pi\u00e9tons, rollers, poussettes, personnes \u00e0 mobilit\u00e9 r\u00e9duite\u00a0\u00bb<\/em><\/mark><\/p>\n\n\n\n<p>Ou comment ruiner l\u2019int\u00e9r\u00eat d\u2019un investissement de 48 000 euros. Par une telle d\u00e9claration le maire invite purement et simplement ses administr\u00e9s \u00e0 se mettre en infraction. L\u2019<a href=\"https:\/\/www.legifrance.gouv.fr\/codes\/article_lc\/LEGIARTI000039277970\/\">article R110-2 du code de la route<\/a>&nbsp;est on ne peut plus clair, la piste cyclable est r\u00e9serv\u00e9e aux cycles. Pi\u00e9tons et assimil\u00e9s tel que les PMR peuvent \u00eatre verbalis\u00e9s d\u00e8s lors qu\u2019ils usent de mani\u00e8re injustifi\u00e9e la piste cyclable. Au quotidien ce m\u00e9lange des genres entraine de r\u00e9el conflit d\u2019usages. Les pi\u00e9tons se sentent l\u00e9gitimes sur la piste cyclable tandis que les cyclistes qui d\u00e9boulent \u00e0 grande vitesse repr\u00e9sentent un danger bien que dans leur bon droit.<\/p>\n\n\n\n<figure class=\"wp-block-image size-large is-resized\"><a href=\"https:\/\/montesquieu.lestransitionneurs.fr\/leognan-mobilite\/wp-content\/uploads\/sites\/2\/2022\/08\/2021.12.Leognan-brigade-gendarme-velo.png\"><img loading=\"lazy\" decoding=\"async\" width=\"1024\" height=\"664\" src=\"https:\/\/montesquieu.lestransitionneurs.fr\/leognan-mobilite\/wp-content\/uploads\/sites\/2\/2022\/08\/2021.12.Leognan-brigade-gendarme-velo-1024x664.png\" alt=\"\" class=\"wp-image-1710\" style=\"width:657px;height:auto\" srcset=\"https:\/\/montesquieu.lestransitionneurs.fr\/leognan-mobilite\/wp-content\/uploads\/sites\/2\/2022\/08\/2021.12.Leognan-brigade-gendarme-velo-1024x664.png 1024w, https:\/\/montesquieu.lestransitionneurs.fr\/leognan-mobilite\/wp-content\/uploads\/sites\/2\/2022\/08\/2021.12.Leognan-brigade-gendarme-velo-300x195.png 300w, https:\/\/montesquieu.lestransitionneurs.fr\/leognan-mobilite\/wp-content\/uploads\/sites\/2\/2022\/08\/2021.12.Leognan-brigade-gendarme-velo-768x498.png 768w, https:\/\/montesquieu.lestransitionneurs.fr\/leognan-mobilite\/wp-content\/uploads\/sites\/2\/2022\/08\/2021.12.Leognan-brigade-gendarme-velo.png 1372w\" sizes=\"auto, (max-width: 1024px) 100vw, 1024px\" \/><\/a><\/figure>\n\n\n\n<p><\/p>\n","protected":false},"excerpt":{"rendered":"<p>20\/05\/2024 &#8211; L\u00e9ognan\u00a0: une piste d\u2019\u00e9ducation routi\u00e8re permanente install\u00e9e12\/12\/2022 &#8211; L\u00e9ognan\u00a0: une \u00ab\u00a0ville prudente\u00a0\u00bb en mati\u00e8re de S\u00e9curit\u00e9 routi\u00e8re :<\/p>\n","protected":false},"author":1,"featured_media":0,"comment_status":"open","ping_status":"open","sticky":false,"template":"","format":"standard","meta":{"footnotes":""},"categories":[34],"tags":[],"class_list":["post-1304","post","type-post","status-publish","format-standard","hentry","category-analyse-collectif"],"_links":{"self":[{"href":"https:\/\/montesquieu.lestransitionneurs.fr\/leognan-mobilite\/wp-json\/wp\/v2\/posts\/1304","targetHints":{"allow":["GET"]}}],"collection":[{"href":"https:\/\/montesquieu.lestransitionneurs.fr\/leognan-mobilite\/wp-json\/wp\/v2\/posts"}],"about":[{"href":"https:\/\/montesquieu.lestransitionneurs.fr\/leognan-mobilite\/wp-json\/wp\/v2\/types\/post"}],"author":[{"embeddable":true,"href":"https:\/\/montesquieu.lestransitionneurs.fr\/leognan-mobilite\/wp-json\/wp\/v2\/users\/1"}],"replies":[{"embeddable":true,"href":"https:\/\/montesquieu.lestransitionneurs.fr\/leognan-mobilite\/wp-json\/wp\/v2\/comments?post=1304"}],"version-history":[{"count":7,"href":"https:\/\/montesquieu.lestransitionneurs.fr\/leognan-mobilite\/wp-json\/wp\/v2\/posts\/1304\/revisions"}],"predecessor-version":[{"id":1711,"href":"https:\/\/montesquieu.lestransitionneurs.fr\/leognan-mobilite\/wp-json\/wp\/v2\/posts\/1304\/revisions\/1711"}],"wp:attachment":[{"href":"https:\/\/montesquieu.lestransitionneurs.fr\/leognan-mobilite\/wp-json\/wp\/v2\/media?parent=1304"}],"wp:term":[{"taxonomy":"category","embeddable":true,"href":"https:\/\/montesquieu.lestransitionneurs.fr\/leognan-mobilite\/wp-json\/wp\/v2\/categories?post=1304"},{"taxonomy":"post_tag","embeddable":true,"href":"https:\/\/montesquieu.lestransitionneurs.fr\/leognan-mobilite\/wp-json\/wp\/v2\/tags?post=1304"}],"curies":[{"name":"wp","href":"https:\/\/api.w.org\/{rel}","templated":true}]}}