{"id":1315,"date":"2022-08-20T12:24:00","date_gmt":"2022-08-20T10:24:00","guid":{"rendered":"https:\/\/montesquieu.lestransitionneurs.fr\/leognan-mobilite\/?p=1315"},"modified":"2022-10-20T02:23:26","modified_gmt":"2022-10-20T00:23:26","slug":"les-intersections-problematiques","status":"publish","type":"post","link":"https:\/\/montesquieu.lestransitionneurs.fr\/leognan-mobilite\/les-intersections-problematiques\/","title":{"rendered":"Les intersections probl\u00e9matiques"},"content":{"rendered":"\n<p>Liste des intersections probl\u00e9matiques dont la signal\u00e9tique (marquage au sol et panneaux) devrait-\u00eatre modifi\u00e9e pour donner la priorit\u00e9 au v\u00e9lo conform\u00e9ment aux pr\u00e9conisations du CEREMA:<br>1. Avenue de Bayonne<br>2. Chemin de la Saucette<br>3. Impasse du Clos de Peyrot: ici le double Stop pour les voitures donnant la priorit\u00e9 \u00e0 la piste cyclable devrait servir d&rsquo;exemple pour les autres intersections<br>4. Rue de l&rsquo;\u00e9cureuil<br>5. Chemin de Gazin (rencontre des deux pistes cyclables au niveau du rond point)<\/p>\n\n\n\n<figure class=\"wp-block-image size-large\"><img decoding=\"async\" src=\"https:\/\/lestransitionneurs.fr\/wp-content\/uploads\/2022\/05\/2022.Leognan_Clos-de-Peyrot-1024x683.jpg\" alt=\"\" class=\"wp-image-708\"\/><figcaption>Impasse du Clos de Peyrot, le STOP est positionn\u00e9 correctement en amont de la piste cyclable permettant ainsi aux v\u00e9los de passer sans s&rsquo;arr\u00eater<br>A quand un coup de peinture pour rafraichir la visibilit\u00e9 de ce pr\u00e9cieux STOP pratiquement effac\u00e9?<\/figcaption><\/figure>\n\n\n\n<figure class=\"wp-block-gallery has-nested-images columns-default is-cropped wp-block-gallery-1 is-layout-flex wp-block-gallery-is-layout-flex\"><figcaption class=\"blocks-gallery-caption\">Toutes les intersections pr\u00e9sent\u00e9es ci-dessus n\u00e9cessitent un nouveau marquage priorisant les cyclistes, mat\u00e9rialis\u00e9 par un couloir peint avec le pictogramme d&rsquo;un v\u00e9lo.<\/figcaption><\/figure>\n","protected":false},"excerpt":{"rendered":"<p>Liste des intersections probl\u00e9matiques dont la signal\u00e9tique (marquage au sol et panneaux) devrait-\u00eatre modifi\u00e9e pour donner la priorit\u00e9 au v\u00e9lo<\/p>\n","protected":false},"author":1,"featured_media":1335,"comment_status":"open","ping_status":"open","sticky":false,"template":"","format":"standard","meta":{"footnotes":""},"categories":[27],"tags":[],"class_list":["post-1315","post","type-post","status-publish","format-standard","has-post-thumbnail","hentry","category-mobilite"],"_links":{"self":[{"href":"https:\/\/montesquieu.lestransitionneurs.fr\/leognan-mobilite\/wp-json\/wp\/v2\/posts\/1315","targetHints":{"allow":["GET"]}}],"collection":[{"href":"https:\/\/montesquieu.lestransitionneurs.fr\/leognan-mobilite\/wp-json\/wp\/v2\/posts"}],"about":[{"href":"https:\/\/montesquieu.lestransitionneurs.fr\/leognan-mobilite\/wp-json\/wp\/v2\/types\/post"}],"author":[{"embeddable":true,"href":"https:\/\/montesquieu.lestransitionneurs.fr\/leognan-mobilite\/wp-json\/wp\/v2\/users\/1"}],"replies":[{"embeddable":true,"href":"https:\/\/montesquieu.lestransitionneurs.fr\/leognan-mobilite\/wp-json\/wp\/v2\/comments?post=1315"}],"version-history":[{"count":3,"href":"https:\/\/montesquieu.lestransitionneurs.fr\/leognan-mobilite\/wp-json\/wp\/v2\/posts\/1315\/revisions"}],"predecessor-version":[{"id":1484,"href":"https:\/\/montesquieu.lestransitionneurs.fr\/leognan-mobilite\/wp-json\/wp\/v2\/posts\/1315\/revisions\/1484"}],"wp:featuredmedia":[{"embeddable":true,"href":"https:\/\/montesquieu.lestransitionneurs.fr\/leognan-mobilite\/wp-json\/wp\/v2\/media\/1335"}],"wp:attachment":[{"href":"https:\/\/montesquieu.lestransitionneurs.fr\/leognan-mobilite\/wp-json\/wp\/v2\/media?parent=1315"}],"wp:term":[{"taxonomy":"category","embeddable":true,"href":"https:\/\/montesquieu.lestransitionneurs.fr\/leognan-mobilite\/wp-json\/wp\/v2\/categories?post=1315"},{"taxonomy":"post_tag","embeddable":true,"href":"https:\/\/montesquieu.lestransitionneurs.fr\/leognan-mobilite\/wp-json\/wp\/v2\/tags?post=1315"}],"curies":[{"name":"wp","href":"https:\/\/api.w.org\/{rel}","templated":true}]}}