{"id":1317,"date":"2022-08-20T13:15:00","date_gmt":"2022-08-20T11:15:00","guid":{"rendered":"https:\/\/montesquieu.lestransitionneurs.fr\/leognan-mobilite\/?p=1317"},"modified":"2022-10-25T18:45:59","modified_gmt":"2022-10-25T16:45:59","slug":"cohabitation-pietons-cyclistes","status":"publish","type":"post","link":"https:\/\/montesquieu.lestransitionneurs.fr\/leognan-mobilite\/cohabitation-pietons-cyclistes\/","title":{"rendered":"Cohabitation pi\u00e9tons cyclistes"},"content":{"rendered":"\n<p>Pour que la piste cyclable de l&rsquo;avenue de Gradignan soit pleinement exploitable, il serait souhaitable en priorit\u00e9 de faciliter la cohabitation entre v\u00e9los et pi\u00e9tons. <br>Pour cela, il faudrait qu&rsquo;un trottoir distinctement s\u00e9par\u00e9 de la piste cyclable soit cr\u00e9\u00e9. Dans le cas contraire, il faudrait requalifier la piste cyclable en voie verte ce qui impliquerait le remplacement des panneaux (C113 et C114) d&rsquo;indication d&rsquo;une voie conseill\u00e9e et r\u00e9serv\u00e9e aux cyclistes par des panneaux d&rsquo;indication de voie verte (C115 et C116) pour que la l\u00e9gitimit\u00e9 des pi\u00e9tons \u00e0 cet endroit ne soit plus discutable. <br>Le marquage des priorit\u00e9s \u00e0 chaque intersection doit \u00eatre absolument revu car dans le meilleur des cas, les cyclistes d\u00e9cident de retourner sur la route, dans le pire ils restent sur la piste cyclable sans respecter les stops cons\u00e9cutifs. <br>Que la bande de bitume garde le statut de piste cyclable ou soit convertie en voie verte, dans les deux cas cas <a rel=\"noreferrer noopener\" href=\"https:\/\/www.fub.fr\/velo-ville\/amenagements\/amenagements-types\/voie-verte\" target=\"_blank\">la largeur est insuffisante pour permettre les d\u00e9passements confortables<\/a> qui par s\u00e9curit\u00e9 pousse souvent \u00e0 mordre l&rsquo;herbe dans le bas c\u00f4t\u00e9.  <br>A noter que la piste cyclable Avenue de Cestas (D214) qui d\u00e9marre Rue de la Grange D\u00eemi\u00e8re et qui se prolonge jusqu&rsquo;au croisement <a href=\"https:\/\/montesquieu.lestransitionneurs.fr\/leognan-mobilite\/nouvelle-piste-cyclable-vers-le-lac-bleu\/\">Chemin des Terres Rousses<\/a> souffre exactement des m\u00eame d\u00e9fauts de trottoirs et de priorit\u00e9. Ce qui est bien dommage car cet axe m\u00e8ne au Lac Bleu tr\u00e8s pris\u00e9 pour les balades en famille&#8230; M\u00eames causes, m\u00eames cons\u00e9quences&#8230;<\/p>\n\n\n\n<figure class=\"wp-block-gallery has-nested-images columns-default is-cropped wp-block-gallery-1 is-layout-flex wp-block-gallery-is-layout-flex\">\n<figure class=\"wp-block-image size-large\"><a href=\"https:\/\/lestransitionneurs.fr\/wp-content\/uploads\/2022\/05\/2022.Balise_GR_Leognan-1.jpg\"><img decoding=\"async\" data-id=\"722\" src=\"https:\/\/lestransitionneurs.fr\/wp-content\/uploads\/2022\/05\/2022.Balise_GR_Leognan-1-1024x683.jpg\" alt=\"\" class=\"wp-image-722\"\/><\/a><figcaption>Le balisage du chemin de grande randonn\u00e9e qui renvoie les pi\u00e9tons directement sur la piste cyclable<\/figcaption><\/figure>\n\n\n\n<figure class=\"wp-block-image size-full\"><a href=\"https:\/\/lestransitionneurs.fr\/wp-content\/uploads\/2022\/05\/202205.ArretStop_Leognan.jpg\"><img decoding=\"async\" data-id=\"725\" src=\"https:\/\/lestransitionneurs.fr\/wp-content\/uploads\/2022\/05\/202205.ArretStop_Leognan.jpg\" alt=\"\" class=\"wp-image-725\"\/><\/a><figcaption>Arr\u00eat sur c\u00e9dez le passage bloquant l&rsquo;acc\u00e8s \u00e0 la piste cyclable<\/figcaption><\/figure>\n\n\n\n<figure class=\"wp-block-image size-large\"><a href=\"https:\/\/lestransitionneurs.fr\/wp-content\/uploads\/2022\/05\/202205.Stop_Lotisssement_Ecureuil.jpg\"><img decoding=\"async\" data-id=\"724\" src=\"https:\/\/lestransitionneurs.fr\/wp-content\/uploads\/2022\/05\/202205.Stop_Lotisssement_Ecureuil.jpg\" alt=\"\" class=\"wp-image-724\"\/><\/a><figcaption>un des trop nombreux STOP interrompant la piste cyclable<\/figcaption><\/figure>\n\n\n\n<figure class=\"wp-block-image size-large\"><a href=\"https:\/\/lestransitionneurs.fr\/wp-content\/uploads\/2022\/05\/2020.Piste_LacBleu.jpg\"><img decoding=\"async\" data-id=\"719\" src=\"https:\/\/lestransitionneurs.fr\/wp-content\/uploads\/2022\/05\/2020.Piste_LacBleu.jpg\" alt=\"\" class=\"wp-image-719\"\/><\/a><figcaption>Entre le centre ville et le lac Bleu: les pi\u00e9tons sont priv\u00e9s de trottoir. Les pistes cyclables ne sont pas suffisamment large (240cm) pour permettre les d\u00e9passements<\/figcaption><\/figure>\n<figcaption class=\"blocks-gallery-caption\">Toutes les intersections pr\u00e9sent\u00e9es ci-dessus n\u00e9cessitent un nouveau marquage priorisant les cyclistes, mat\u00e9rialis\u00e9 par un couloir peint avec le pictogramme d&rsquo;un v\u00e9lo.<\/figcaption><\/figure>\n","protected":false},"excerpt":{"rendered":"<p>Pour que la piste cyclable de l&rsquo;avenue de Gradignan soit pleinement exploitable, il serait souhaitable en priorit\u00e9 de faciliter la<\/p>\n","protected":false},"author":1,"featured_media":1334,"comment_status":"open","ping_status":"open","sticky":false,"template":"","format":"standard","meta":{"footnotes":""},"categories":[27],"tags":[],"class_list":["post-1317","post","type-post","status-publish","format-standard","has-post-thumbnail","hentry","category-mobilite"],"_links":{"self":[{"href":"https:\/\/montesquieu.lestransitionneurs.fr\/leognan-mobilite\/wp-json\/wp\/v2\/posts\/1317","targetHints":{"allow":["GET"]}}],"collection":[{"href":"https:\/\/montesquieu.lestransitionneurs.fr\/leognan-mobilite\/wp-json\/wp\/v2\/posts"}],"about":[{"href":"https:\/\/montesquieu.lestransitionneurs.fr\/leognan-mobilite\/wp-json\/wp\/v2\/types\/post"}],"author":[{"embeddable":true,"href":"https:\/\/montesquieu.lestransitionneurs.fr\/leognan-mobilite\/wp-json\/wp\/v2\/users\/1"}],"replies":[{"embeddable":true,"href":"https:\/\/montesquieu.lestransitionneurs.fr\/leognan-mobilite\/wp-json\/wp\/v2\/comments?post=1317"}],"version-history":[{"count":3,"href":"https:\/\/montesquieu.lestransitionneurs.fr\/leognan-mobilite\/wp-json\/wp\/v2\/posts\/1317\/revisions"}],"predecessor-version":[{"id":1536,"href":"https:\/\/montesquieu.lestransitionneurs.fr\/leognan-mobilite\/wp-json\/wp\/v2\/posts\/1317\/revisions\/1536"}],"wp:featuredmedia":[{"embeddable":true,"href":"https:\/\/montesquieu.lestransitionneurs.fr\/leognan-mobilite\/wp-json\/wp\/v2\/media\/1334"}],"wp:attachment":[{"href":"https:\/\/montesquieu.lestransitionneurs.fr\/leognan-mobilite\/wp-json\/wp\/v2\/media?parent=1317"}],"wp:term":[{"taxonomy":"category","embeddable":true,"href":"https:\/\/montesquieu.lestransitionneurs.fr\/leognan-mobilite\/wp-json\/wp\/v2\/categories?post=1317"},{"taxonomy":"post_tag","embeddable":true,"href":"https:\/\/montesquieu.lestransitionneurs.fr\/leognan-mobilite\/wp-json\/wp\/v2\/tags?post=1317"}],"curies":[{"name":"wp","href":"https:\/\/api.w.org\/{rel}","templated":true}]}}