{"id":1363,"date":"2022-08-19T13:00:00","date_gmt":"2022-08-19T11:00:00","guid":{"rendered":"https:\/\/montesquieu.lestransitionneurs.fr\/leognan-mobilite\/?p=1363"},"modified":"2022-10-20T02:39:07","modified_gmt":"2022-10-20T00:39:07","slug":"voies-cyclable-piste-bande-et-continuite-2-3","status":"publish","type":"post","link":"https:\/\/montesquieu.lestransitionneurs.fr\/leognan-mobilite\/voies-cyclable-piste-bande-et-continuite-2-3\/","title":{"rendered":"Voies cyclable: piste, bande et continuit\u00e9 2\/3"},"content":{"rendered":"\n<p id=\"block-568a6f49-1319-4637-bb00-ed8be370cd2f\" style=\"font-size:30px\"><strong>Double sens cyclable<\/strong><\/p>\n\n\n\n<p id=\"block-76196345-38c6-472d-911b-39f633b12f1a\">Un double-sens cyclable (DSC) est une&nbsp;<strong>voie de circulation \u00e0 double sens dont l\u2019un est r\u00e9serv\u00e9 aux cyclistes<\/strong>. Les conducteurs de v\u00e9hicules motoris\u00e9s y sont autoris\u00e9s \u00e0 circuler dans un seul sens, les cyclistes dans les deux sens. Ce type d\u2019am\u00e9nagement est couramment (mais improprement) appel\u00e9 \u00ab&nbsp;contre-sens cyclable&nbsp;\u00bb. Il est signal\u00e9 par un <em>Panonceau M9v2<\/em>. (pictogramme de v\u00e9lo pr\u00e9c\u00e9d\u00e9 de la mention SAUF). La ville de L\u00e9ognan a commenc\u00e9 \u00e0 utiliser le DSC mais malheureusement pas bien int\u00e9gr\u00e9. Exemple ici, devant la Halle de Gascogne, la bande cyclable termine sur un passage pi\u00e9ton suivi d&rsquo;une place de stationnement. Les potelets ne facilitent pas la man\u0153uvre pour rejoindre la jonction voie verte \/ piste cyclable depuis la bande&#8230; (on s&rsquo;interroge \u00e9galement sur la pr\u00e9sence de peinture verte r\u00e9serv\u00e9 au v\u00e9lo en alternance avec les traits blancs du passage pi\u00e9ton)<\/p>\n\n\n\n<figure class=\"wp-block-image\" id=\"block-468af951-a45b-4890-9c07-301d59e7ebed\"><img decoding=\"async\" src=\"https:\/\/lestransitionneurs.fr\/wp-content\/uploads\/2022\/05\/202205.DSC_Halle_Gascogne-1024x683.jpg\" alt=\"L\u2019attribut alt de cette image est vide, son nom de fichier est 202205.DSC_Halle_Gascogne-1024x683.jpg.\"\/><figcaption>Le DSC d\u00e9bouche sur un passage pi\u00e9ton et une place de parking<\/figcaption><\/figure>\n","protected":false},"excerpt":{"rendered":"<p>Double sens cyclable Un double-sens cyclable (DSC) est une&nbsp;voie de circulation \u00e0 double sens dont l\u2019un est r\u00e9serv\u00e9 aux cyclistes.<\/p>\n","protected":false},"author":1,"featured_media":1167,"comment_status":"open","ping_status":"open","sticky":false,"template":"","format":"standard","meta":{"footnotes":""},"categories":[27,1],"tags":[],"class_list":["post-1363","post","type-post","status-publish","format-standard","has-post-thumbnail","hentry","category-mobilite","category-pistes-cyclables"],"_links":{"self":[{"href":"https:\/\/montesquieu.lestransitionneurs.fr\/leognan-mobilite\/wp-json\/wp\/v2\/posts\/1363","targetHints":{"allow":["GET"]}}],"collection":[{"href":"https:\/\/montesquieu.lestransitionneurs.fr\/leognan-mobilite\/wp-json\/wp\/v2\/posts"}],"about":[{"href":"https:\/\/montesquieu.lestransitionneurs.fr\/leognan-mobilite\/wp-json\/wp\/v2\/types\/post"}],"author":[{"embeddable":true,"href":"https:\/\/montesquieu.lestransitionneurs.fr\/leognan-mobilite\/wp-json\/wp\/v2\/users\/1"}],"replies":[{"embeddable":true,"href":"https:\/\/montesquieu.lestransitionneurs.fr\/leognan-mobilite\/wp-json\/wp\/v2\/comments?post=1363"}],"version-history":[{"count":3,"href":"https:\/\/montesquieu.lestransitionneurs.fr\/leognan-mobilite\/wp-json\/wp\/v2\/posts\/1363\/revisions"}],"predecessor-version":[{"id":1384,"href":"https:\/\/montesquieu.lestransitionneurs.fr\/leognan-mobilite\/wp-json\/wp\/v2\/posts\/1363\/revisions\/1384"}],"wp:featuredmedia":[{"embeddable":true,"href":"https:\/\/montesquieu.lestransitionneurs.fr\/leognan-mobilite\/wp-json\/wp\/v2\/media\/1167"}],"wp:attachment":[{"href":"https:\/\/montesquieu.lestransitionneurs.fr\/leognan-mobilite\/wp-json\/wp\/v2\/media?parent=1363"}],"wp:term":[{"taxonomy":"category","embeddable":true,"href":"https:\/\/montesquieu.lestransitionneurs.fr\/leognan-mobilite\/wp-json\/wp\/v2\/categories?post=1363"},{"taxonomy":"post_tag","embeddable":true,"href":"https:\/\/montesquieu.lestransitionneurs.fr\/leognan-mobilite\/wp-json\/wp\/v2\/tags?post=1363"}],"curies":[{"name":"wp","href":"https:\/\/api.w.org\/{rel}","templated":true}]}}