{"id":1365,"date":"2022-08-19T11:30:00","date_gmt":"2022-08-19T09:30:00","guid":{"rendered":"https:\/\/montesquieu.lestransitionneurs.fr\/leognan-mobilite\/?p=1365"},"modified":"2022-10-20T02:41:33","modified_gmt":"2022-10-20T00:41:33","slug":"voies-cyclable-piste-bande-et-continuite-3-3","status":"publish","type":"post","link":"https:\/\/montesquieu.lestransitionneurs.fr\/leognan-mobilite\/voies-cyclable-piste-bande-et-continuite-3-3\/","title":{"rendered":"Voies cyclable: piste, bande et continuit\u00e9 3\/3"},"content":{"rendered":"\n<p id=\"block-568a6f49-1319-4637-bb00-ed8be370cd2f\" style=\"font-size:30px\"><strong>Continuit\u00e9 des pistes cyclables<\/strong><\/p>\n\n\n\n<p id=\"block-d009d44c-9632-4064-89f3-9150e563bc63\">D\u00e9but 2022, une nouvelle et minuscule piste cyclable de quelques m\u00e8tres a \u00e9t\u00e9 mise en service. L&rsquo;id\u00e9e de base est int\u00e9ressante, il est possible de traverser depuis l&rsquo;espace culturel en passant derri\u00e8re la Halle de Gascogne pour finalement rejoindre le parking de la place Salvador Allende. Le troquet de cette derni\u00e8re ayant \u00e9tabli une terrasse transformant le bout de la place en cul de sac, il n&rsquo;y a pas d&rsquo;autre choix que partir \u00e0 gauche en sortant de la piste cyclable. Malheureusement, impossible de rejoindre l&rsquo;\u00e9glise faute de double-sens cyclable.<\/p>\n\n\n\n<figure class=\"wp-block-image\" id=\"block-86094670-c00c-4066-849d-9a79594483f8\"><img decoding=\"async\" src=\"https:\/\/lestransitionneurs.fr\/wp-content\/uploads\/2022\/05\/202205.piste_cyclable_centre_leognan.jpg\" alt=\"L\u2019attribut alt de cette image est vide, son nom de fichier est 202205.piste_cyclable_centre_leognan.jpg.\"\/><figcaption>Une mini piste cyclable bien curieuse ne d\u00e9bouchant sur rien et dont la jonction avec la voie verte fait que les pi\u00e9tons pr\u00e9f\u00e8rent continuer tout droit que faire le d\u00e9tour<\/figcaption><\/figure>\n\n\n\n<figure class=\"wp-block-image size-large\"><a href=\"https:\/\/montesquieu.lestransitionneurs.fr\/leognan-mobilite\/wp-content\/uploads\/sites\/2\/2022\/10\/2022.05.Sens_Interdit_Eglise_Leognan.jpg\" target=\"_blank\" rel=\"noreferrer noopener\"><img loading=\"lazy\" decoding=\"async\" width=\"1024\" height=\"683\" src=\"https:\/\/montesquieu.lestransitionneurs.fr\/leognan-mobilite\/wp-content\/uploads\/sites\/2\/2022\/10\/2022.05.Sens_Interdit_Eglise_Leognan-1024x683.jpg\" alt=\"\" class=\"wp-image-1379\" srcset=\"https:\/\/montesquieu.lestransitionneurs.fr\/leognan-mobilite\/wp-content\/uploads\/sites\/2\/2022\/10\/2022.05.Sens_Interdit_Eglise_Leognan-1024x683.jpg 1024w, https:\/\/montesquieu.lestransitionneurs.fr\/leognan-mobilite\/wp-content\/uploads\/sites\/2\/2022\/10\/2022.05.Sens_Interdit_Eglise_Leognan-300x200.jpg 300w, https:\/\/montesquieu.lestransitionneurs.fr\/leognan-mobilite\/wp-content\/uploads\/sites\/2\/2022\/10\/2022.05.Sens_Interdit_Eglise_Leognan-768x512.jpg 768w, https:\/\/montesquieu.lestransitionneurs.fr\/leognan-mobilite\/wp-content\/uploads\/sites\/2\/2022\/10\/2022.05.Sens_Interdit_Eglise_Leognan-1536x1024.jpg 1536w, https:\/\/montesquieu.lestransitionneurs.fr\/leognan-mobilite\/wp-content\/uploads\/sites\/2\/2022\/10\/2022.05.Sens_Interdit_Eglise_Leognan-600x400.jpg 600w, https:\/\/montesquieu.lestransitionneurs.fr\/leognan-mobilite\/wp-content\/uploads\/sites\/2\/2022\/10\/2022.05.Sens_Interdit_Eglise_Leognan.jpg 1620w\" sizes=\"auto, (max-width: 1024px) 100vw, 1024px\" \/><\/a><figcaption><strong>La piste cyclable d\u00e9bouche sur un parking qui est en fait un cul de sac pour les v\u00e9lo en raison du Sens Interdit sans DSC. Les cyclistes doivent repartir en arri\u00e8re par la route principale<\/strong><\/figcaption><\/figure>\n\n\n\n<p id=\"block-f61322ee-9234-4a79-9b79-3beb44ae7dd9\">Du c\u00f4t\u00e9 du lac bleu, la continuit\u00e9 de la piste cyclable est \u00e9galement inexistante. <br><em><mark style=\"background-color:rgba(0, 0, 0, 0)\" class=\"has-inline-color has-luminous-vivid-orange-color\">Attention cet article a \u00e9t\u00e9 \u00e9crit avant la cr\u00e9ation d&rsquo;une nouvelle piste, ce qui montre que les prises de conscience \u00e9tait d\u00e9j\u00e0 l\u00e0.<\/mark><\/em> <strong><a rel=\"noreferrer noopener\" href=\"https:\/\/montesquieu.lestransitionneurs.fr\/leognan-mobilite\/nouvelle-piste-cyclable-vers-le-lac-bleu\/\" target=\"_blank\">Voir ce nouvel article \u00e0 son propos<\/a><\/strong><br>Une fois arriv\u00e9 au rond point en remontant l&rsquo;avenue de Cestas depuis le bourg, on se retrouve sur une chauss\u00e9e \u00e9troite coinc\u00e9 entre les voitures roulant vite et le <a rel=\"noreferrer noopener\" href=\"https:\/\/fr.wikipedia.org\/wiki\/Emporti%C3%A9rage\" target=\"_blank\">risque d&#8217;emporti\u00e9rage avec les v\u00e9hicules en stationnement <\/a>qui occupent largement l&rsquo;accotement les week-end de grand soleil.<\/p>\n\n\n\n<figure class=\"wp-block-image\" id=\"block-ac11a726-fea2-44c3-9a9c-c9ba01275e4f\"><img decoding=\"async\" src=\"https:\/\/lestransitionneurs.fr\/wp-content\/uploads\/2022\/05\/2022.Piste-Lac-bleu-Leognan-1024x987.jpg\" alt=\"L\u2019attribut alt de cette image est vide, son nom de fichier est 2022.Piste-Lac-bleu-Leognan-1024x987.jpg.\"\/><figcaption><strong>La premi\u00e8re partie du trajet jusqu&rsquo;au lac Bleu est correcte mais se corse plus loin<\/strong><\/figcaption><\/figure>\n\n\n\n<figure class=\"wp-block-image size-large\"><a href=\"https:\/\/montesquieu.lestransitionneurs.fr\/leognan-mobilite\/wp-content\/uploads\/sites\/2\/2022\/10\/2022.Stationnement-ciculation-lac-bleu.jpg\" target=\"_blank\" rel=\"noreferrer noopener\"><img loading=\"lazy\" decoding=\"async\" width=\"1024\" height=\"683\" src=\"https:\/\/montesquieu.lestransitionneurs.fr\/leognan-mobilite\/wp-content\/uploads\/sites\/2\/2022\/10\/2022.Stationnement-ciculation-lac-bleu-1024x683.jpg\" alt=\"\" class=\"wp-image-1372\" srcset=\"https:\/\/montesquieu.lestransitionneurs.fr\/leognan-mobilite\/wp-content\/uploads\/sites\/2\/2022\/10\/2022.Stationnement-ciculation-lac-bleu-1024x683.jpg 1024w, https:\/\/montesquieu.lestransitionneurs.fr\/leognan-mobilite\/wp-content\/uploads\/sites\/2\/2022\/10\/2022.Stationnement-ciculation-lac-bleu-300x200.jpg 300w, https:\/\/montesquieu.lestransitionneurs.fr\/leognan-mobilite\/wp-content\/uploads\/sites\/2\/2022\/10\/2022.Stationnement-ciculation-lac-bleu-768x512.jpg 768w, https:\/\/montesquieu.lestransitionneurs.fr\/leognan-mobilite\/wp-content\/uploads\/sites\/2\/2022\/10\/2022.Stationnement-ciculation-lac-bleu-1536x1024.jpg 1536w, https:\/\/montesquieu.lestransitionneurs.fr\/leognan-mobilite\/wp-content\/uploads\/sites\/2\/2022\/10\/2022.Stationnement-ciculation-lac-bleu-600x400.jpg 600w, https:\/\/montesquieu.lestransitionneurs.fr\/leognan-mobilite\/wp-content\/uploads\/sites\/2\/2022\/10\/2022.Stationnement-ciculation-lac-bleu.jpg 1620w\" sizes=\"auto, (max-width: 1024px) 100vw, 1024px\" \/><\/a><figcaption><strong>Entre v\u00e9hicules gar\u00e9s et automobilistes press\u00e9s doublant et peu soucieux de garder les 1m\u00e8tre n\u00e9cessaire au d\u00e9passement d\u2019un cycliste, l\u2019acc\u00e8s au Lac Bleu ne se fait pas de mani\u00e8re sereine quand on accompagne de jeunes enfants pas encore en pleine maitrise de leurs v\u00e9los.<\/strong><\/figcaption><\/figure>\n\n\n\n<figure class=\"wp-block-image size-large\"><a href=\"https:\/\/montesquieu.lestransitionneurs.fr\/leognan-mobilite\/wp-content\/uploads\/sites\/2\/2022\/10\/2022.Depassement-Lac-bleu.jpg\" target=\"_blank\" rel=\"noreferrer noopener\"><img loading=\"lazy\" decoding=\"async\" width=\"1024\" height=\"683\" src=\"https:\/\/montesquieu.lestransitionneurs.fr\/leognan-mobilite\/wp-content\/uploads\/sites\/2\/2022\/10\/2022.Depassement-Lac-bleu-1024x683.jpg\" alt=\"\" class=\"wp-image-1373\" srcset=\"https:\/\/montesquieu.lestransitionneurs.fr\/leognan-mobilite\/wp-content\/uploads\/sites\/2\/2022\/10\/2022.Depassement-Lac-bleu-1024x683.jpg 1024w, https:\/\/montesquieu.lestransitionneurs.fr\/leognan-mobilite\/wp-content\/uploads\/sites\/2\/2022\/10\/2022.Depassement-Lac-bleu-300x200.jpg 300w, https:\/\/montesquieu.lestransitionneurs.fr\/leognan-mobilite\/wp-content\/uploads\/sites\/2\/2022\/10\/2022.Depassement-Lac-bleu-768x512.jpg 768w, https:\/\/montesquieu.lestransitionneurs.fr\/leognan-mobilite\/wp-content\/uploads\/sites\/2\/2022\/10\/2022.Depassement-Lac-bleu-1536x1024.jpg 1536w, https:\/\/montesquieu.lestransitionneurs.fr\/leognan-mobilite\/wp-content\/uploads\/sites\/2\/2022\/10\/2022.Depassement-Lac-bleu-600x400.jpg 600w, https:\/\/montesquieu.lestransitionneurs.fr\/leognan-mobilite\/wp-content\/uploads\/sites\/2\/2022\/10\/2022.Depassement-Lac-bleu.jpg 1620w\" sizes=\"auto, (max-width: 1024px) 100vw, 1024px\" \/><\/a><figcaption><strong>Heureusement, la majorit\u00e9 des conducteurs est attentive aux cyclistes et s\u2019\u00e9loigne comme il faut<\/strong><\/figcaption><\/figure>\n","protected":false},"excerpt":{"rendered":"<p>Continuit\u00e9 des pistes cyclables D\u00e9but 2022, une nouvelle et minuscule piste cyclable de quelques m\u00e8tres a \u00e9t\u00e9 mise en service.<\/p>\n","protected":false},"author":1,"featured_media":1167,"comment_status":"open","ping_status":"open","sticky":false,"template":"","format":"standard","meta":{"footnotes":""},"categories":[27,1],"tags":[],"class_list":["post-1365","post","type-post","status-publish","format-standard","has-post-thumbnail","hentry","category-mobilite","category-pistes-cyclables"],"_links":{"self":[{"href":"https:\/\/montesquieu.lestransitionneurs.fr\/leognan-mobilite\/wp-json\/wp\/v2\/posts\/1365","targetHints":{"allow":["GET"]}}],"collection":[{"href":"https:\/\/montesquieu.lestransitionneurs.fr\/leognan-mobilite\/wp-json\/wp\/v2\/posts"}],"about":[{"href":"https:\/\/montesquieu.lestransitionneurs.fr\/leognan-mobilite\/wp-json\/wp\/v2\/types\/post"}],"author":[{"embeddable":true,"href":"https:\/\/montesquieu.lestransitionneurs.fr\/leognan-mobilite\/wp-json\/wp\/v2\/users\/1"}],"replies":[{"embeddable":true,"href":"https:\/\/montesquieu.lestransitionneurs.fr\/leognan-mobilite\/wp-json\/wp\/v2\/comments?post=1365"}],"version-history":[{"count":4,"href":"https:\/\/montesquieu.lestransitionneurs.fr\/leognan-mobilite\/wp-json\/wp\/v2\/posts\/1365\/revisions"}],"predecessor-version":[{"id":1492,"href":"https:\/\/montesquieu.lestransitionneurs.fr\/leognan-mobilite\/wp-json\/wp\/v2\/posts\/1365\/revisions\/1492"}],"wp:featuredmedia":[{"embeddable":true,"href":"https:\/\/montesquieu.lestransitionneurs.fr\/leognan-mobilite\/wp-json\/wp\/v2\/media\/1167"}],"wp:attachment":[{"href":"https:\/\/montesquieu.lestransitionneurs.fr\/leognan-mobilite\/wp-json\/wp\/v2\/media?parent=1365"}],"wp:term":[{"taxonomy":"category","embeddable":true,"href":"https:\/\/montesquieu.lestransitionneurs.fr\/leognan-mobilite\/wp-json\/wp\/v2\/categories?post=1365"},{"taxonomy":"post_tag","embeddable":true,"href":"https:\/\/montesquieu.lestransitionneurs.fr\/leognan-mobilite\/wp-json\/wp\/v2\/tags?post=1365"}],"curies":[{"name":"wp","href":"https:\/\/api.w.org\/{rel}","templated":true}]}}