{"id":1394,"date":"2022-10-15T13:34:52","date_gmt":"2022-10-15T11:34:52","guid":{"rendered":"https:\/\/montesquieu.lestransitionneurs.fr\/leognan-mobilite\/?p=1394"},"modified":"2022-10-20T02:34:00","modified_gmt":"2022-10-20T00:34:00","slug":"mettre-en-conformite-les-passages-pietons-une-urgence-a-leognan","status":"publish","type":"post","link":"https:\/\/montesquieu.lestransitionneurs.fr\/leognan-mobilite\/mettre-en-conformite-les-passages-pietons-une-urgence-a-leognan\/","title":{"rendered":"Mettre en conformit\u00e9 les passages pi\u00e9tons une urgence \u00e0 L\u00e9ognan"},"content":{"rendered":"\n<p>Dans le but de faire diminuer la mortalit\u00e9 sur les routes, de nombreuses mesures ont \u00e9t\u00e9 annonc\u00e9es en janvier 2018, dans le cadre du CISR (Comit\u00e9 interminist\u00e9riel de la s\u00e9curit\u00e9 routi\u00e8re). <br>L\u2019une d\u2019elles, entr\u00e9e en vigueur au d\u00e9but de l\u2019ann\u00e9e 2020, vise \u00e0 renforcer la protection des pi\u00e9tons aux abords des passages clout\u00e9s. La loi d\u2019orientation des mobilit\u00e9s (LOM) rend en effet obligatoire la suppression du stationnement motoris\u00e9 sur les 5 m\u00e8tres en amont des passages pi\u00e9tons. Cette mesure a donc pour objectif de diminuer les accidents en permettant aux pi\u00e9tons d\u2019avoir une vue d\u00e9gag\u00e9e sur la chauss\u00e9e pour s\u2019engager sans danger et aux automobilistes d\u2019avoir une meilleure visibilit\u00e9 et mieux anticiper la travers\u00e9e d\u2019un pi\u00e9ton. Les collectivit\u00e9s ont jusqu&rsquo;au 31 d\u00e9cembre 2026 pour la mettre en place !<\/p>\n\n\n\n<p>Nous esp\u00e9rons que la municipalit\u00e9 de L\u00e9ognan n&rsquo;attendra pas la date butoir pour mettre en conformit\u00e9 les passages pi\u00e9tons tout particuli\u00e8rement aux abords du march\u00e9 o\u00f9 le stationnement est un grand bazar. L&rsquo;espace lib\u00e9r\u00e9 gr\u00e2ce \u00e0 la suppression des places pourrait avoir d&rsquo;autres usages tel que le stationnement v\u00e9los par exemple. Ce qui est int\u00e9ressant pour promouvoir les modes actifs.<\/p>\n\n\n\n<p>Voici un <a href=\"https:\/\/www.cerema.fr\/fr\/evenements\/obligation-neutralisation-du-stationnement-motorise-5-metres#:~:text=%22Les%20rendez%2Dvous%20MOBILIT%C3%89S%22%20du%20Cerema&amp;text=La%20loi%20d'orientation%20des,pour%20la%20mettre%20en%20place%20!\" target=\"_blank\" rel=\"noreferrer noopener\">extrait de la fiche du CEREMA<\/a> sur l&rsquo;obligation de neutralisation des stationnements pr\u00e8s des passages pi\u00e9tons et les conseils pour y mettre des arceaux v\u00e9los: <\/p>\n\n\n\n<figure class=\"wp-block-image size-full\"><img loading=\"lazy\" decoding=\"async\" width=\"823\" height=\"519\" src=\"https:\/\/montesquieu.lestransitionneurs.fr\/leognan-mobilite\/wp-content\/uploads\/sites\/2\/2022\/10\/CEREMA_Neutralisation-stationnementepassage-pieton.jpg\" alt=\"\" class=\"wp-image-1395\" srcset=\"https:\/\/montesquieu.lestransitionneurs.fr\/leognan-mobilite\/wp-content\/uploads\/sites\/2\/2022\/10\/CEREMA_Neutralisation-stationnementepassage-pieton.jpg 823w, https:\/\/montesquieu.lestransitionneurs.fr\/leognan-mobilite\/wp-content\/uploads\/sites\/2\/2022\/10\/CEREMA_Neutralisation-stationnementepassage-pieton-300x189.jpg 300w, https:\/\/montesquieu.lestransitionneurs.fr\/leognan-mobilite\/wp-content\/uploads\/sites\/2\/2022\/10\/CEREMA_Neutralisation-stationnementepassage-pieton-768x484.jpg 768w\" sizes=\"auto, (max-width: 823px) 100vw, 823px\" \/><\/figure>\n\n\n\n<p><br>\u2022 physiquement dissuasif <br>\u2022 r\u00e9pond \u00e0 la demande de stationnement des cyclistes <br>\u2022 penser \u00e0 assurer l\u2019entretien mat\u00e9riel (balayage, retrait p\u00e9riodique des v\u00e9los abandonn\u00e9s) <br>\u2022 penser \u00e0 mettre en place une signalisation d\u2019emplacement r\u00e9serv\u00e9 pour les cyclistes afin de<br>dissuader les 2RM de stationner sur cet espace. Le marquage du mot \u00ab v\u00e9lo \u00bb sera prochainement autoris\u00e9 par la r\u00e9glementation<\/p>\n\n\n\n<p>Par ailleurs, les motocyclettes, tricycles et cyclomoteurs ne sont plus autoris\u00e9s \u00e0 se garer sur une distance de 5 m avant un passage clout\u00e9 en dehors des emplacements pr\u00e9vus \u00e0 cet effet.<\/p>\n\n\n\n<p><\/p>\n","protected":false},"excerpt":{"rendered":"<p>Dans le but de faire diminuer la mortalit\u00e9 sur les routes, de nombreuses mesures ont \u00e9t\u00e9 annonc\u00e9es en janvier 2018,<\/p>\n","protected":false},"author":1,"featured_media":1396,"comment_status":"open","ping_status":"open","sticky":false,"template":"","format":"standard","meta":{"footnotes":""},"categories":[36],"tags":[],"class_list":["post-1394","post","type-post","status-publish","format-standard","has-post-thumbnail","hentry","category-passage-pieton"],"_links":{"self":[{"href":"https:\/\/montesquieu.lestransitionneurs.fr\/leognan-mobilite\/wp-json\/wp\/v2\/posts\/1394","targetHints":{"allow":["GET"]}}],"collection":[{"href":"https:\/\/montesquieu.lestransitionneurs.fr\/leognan-mobilite\/wp-json\/wp\/v2\/posts"}],"about":[{"href":"https:\/\/montesquieu.lestransitionneurs.fr\/leognan-mobilite\/wp-json\/wp\/v2\/types\/post"}],"author":[{"embeddable":true,"href":"https:\/\/montesquieu.lestransitionneurs.fr\/leognan-mobilite\/wp-json\/wp\/v2\/users\/1"}],"replies":[{"embeddable":true,"href":"https:\/\/montesquieu.lestransitionneurs.fr\/leognan-mobilite\/wp-json\/wp\/v2\/comments?post=1394"}],"version-history":[{"count":3,"href":"https:\/\/montesquieu.lestransitionneurs.fr\/leognan-mobilite\/wp-json\/wp\/v2\/posts\/1394\/revisions"}],"predecessor-version":[{"id":1488,"href":"https:\/\/montesquieu.lestransitionneurs.fr\/leognan-mobilite\/wp-json\/wp\/v2\/posts\/1394\/revisions\/1488"}],"wp:featuredmedia":[{"embeddable":true,"href":"https:\/\/montesquieu.lestransitionneurs.fr\/leognan-mobilite\/wp-json\/wp\/v2\/media\/1396"}],"wp:attachment":[{"href":"https:\/\/montesquieu.lestransitionneurs.fr\/leognan-mobilite\/wp-json\/wp\/v2\/media?parent=1394"}],"wp:term":[{"taxonomy":"category","embeddable":true,"href":"https:\/\/montesquieu.lestransitionneurs.fr\/leognan-mobilite\/wp-json\/wp\/v2\/categories?post=1394"},{"taxonomy":"post_tag","embeddable":true,"href":"https:\/\/montesquieu.lestransitionneurs.fr\/leognan-mobilite\/wp-json\/wp\/v2\/tags?post=1394"}],"curies":[{"name":"wp","href":"https:\/\/api.w.org\/{rel}","templated":true}]}}