{"id":1402,"date":"2022-10-18T20:42:39","date_gmt":"2022-10-18T18:42:39","guid":{"rendered":"https:\/\/montesquieu.lestransitionneurs.fr\/leognan-mobilite\/?p=1402"},"modified":"2022-11-01T18:59:12","modified_gmt":"2022-11-01T17:59:12","slug":"lentretien-des-pistes-cyclable-un-imperatif","status":"publish","type":"post","link":"https:\/\/montesquieu.lestransitionneurs.fr\/leognan-mobilite\/lentretien-des-pistes-cyclable-un-imperatif\/","title":{"rendered":"L&rsquo;entretien des pistes cyclable: un imp\u00e9ratif"},"content":{"rendered":"\n<p>Construire des pistes et tracer des bandes cyclables c&rsquo;est tr\u00e8s bien, les entretenir pour qu&rsquo;elles restent praticables c&rsquo;est une n\u00e9cessit\u00e9. <br>Ce qui saute aux yeux lorsqu&rsquo;on se traverse L\u00e9ognan \u00e0 pied ou \u00e0 v\u00e9lo ce sont les endroits, o\u00f9 il faut faire des zig-zag pour contourner de la v\u00e9g\u00e9tation devenue trop envahissante (<a href=\"https:\/\/montesquieu.lestransitionneurs.fr\/leognan-mobilite\/stationnement-genant-et-plot-mouvant-trottoir-impraticable\/\">quand ce ne sont pas les voitures<\/a>). J&rsquo;ai donc entrepris de nettoyer la v\u00e9g\u00e9tation la plus g\u00eanante avenue de la Br\u00e8de qui non seulement g\u00e8ne la circulation sur la bande cyclable mais qui surtout condamne purement et simplement l&rsquo;acc\u00e8s au trottoir (ce qui est particuli\u00e8rement g\u00eanant car le gros de la v\u00e9g\u00e9tation se trouve au niveau du passage pi\u00e9ton)<\/p>\n\n\n\n<!--more-->\n\n\n\n<figure class=\"wp-block-embed is-type-video is-provider-youtube wp-block-embed-youtube wp-embed-aspect-16-9 wp-has-aspect-ratio\"><div class=\"wp-block-embed__wrapper\">\n<iframe loading=\"lazy\" title=\"Quand un cycliste nettoie lui-m\u00eame la bande cyclable\" width=\"800\" height=\"450\" src=\"https:\/\/www.youtube.com\/embed\/AA4WXNSg628?feature=oembed\" frameborder=\"0\" allow=\"accelerometer; autoplay; clipboard-write; encrypted-media; gyroscope; picture-in-picture\" allowfullscreen><\/iframe>\n<\/div><figcaption>Dans cette vid\u00e9o, je montre l&rsquo;avantage du v\u00e9lo cargo pour faire de petits travaux d&rsquo;entretien. Il permet de  stationner au plus pr\u00e8s sans g\u00eaner la circulation contrairement \u00e0 un petit camion benne. De plus en plus de municipalit\u00e9s optent pour le v\u00e9lo cargo qui repr\u00e9sente un outil peu co\u00fbteux \u00e0 exploiter et pratique pour les petits entretiens du quotidien (coupe des v\u00e9g\u00e9taux envahissants, ramassage de d\u00e9chets&#8230;) La ville de Grand-Quevilly travaille de cette fa\u00e7on comme l&rsquo;explique <strong><a href=\"https:\/\/actu.fr\/normandie\/le-grand-quevilly_76322\/au-grand-quevilly-pas-de-camion-pour-patrick-il-ramasse-les-dechets-en-velo-electrique_54491046.html\">cet article<\/a><\/strong>. La municipalit\u00e9 de L\u00e9ognan franchira t-elle ce cap id\u00e9al pour l&rsquo;entretien de nos pistes?<\/figcaption><\/figure>\n\n\n\n<p>En temps normal, un trottoir bateau permet l&rsquo;acc\u00e8s au passage pi\u00e9ton. J&rsquo;esp\u00e8re qu&rsquo;\u00e0 l&rsquo;avenir le trottoir sera rendu au pi\u00e9ton. Si ce n&rsquo;\u00e9tait pas dangereux de devoir faire une embard\u00e9e sur la chauss\u00e9e du fait que la bande cyclable est impraticable \u00e0 cause de la v\u00e9g\u00e9tation, nous pourrions presque trouver comique que plusieurs m\u00e8tres cubes de branches aient r\u00e9ussies \u00e0 pousser suffisamment pour condamner simultan\u00e9ment un trottoir, un passage pi\u00e9ton et une bande cyclable sans qu&rsquo;aucun service d&rsquo;entretien de la voirie ne s&rsquo;en inqui\u00e8te. <\/p>\n\n\n\n<figure class=\"wp-block-image size-large\"><img loading=\"lazy\" decoding=\"async\" width=\"1024\" height=\"765\" src=\"https:\/\/montesquieu.lestransitionneurs.fr\/leognan-mobilite\/wp-content\/uploads\/sites\/2\/2022\/10\/Leognan-trottoir-envahi-vegetation-1024x765.jpg\" alt=\"\" class=\"wp-image-1409\" srcset=\"https:\/\/montesquieu.lestransitionneurs.fr\/leognan-mobilite\/wp-content\/uploads\/sites\/2\/2022\/10\/Leognan-trottoir-envahi-vegetation-1024x765.jpg 1024w, https:\/\/montesquieu.lestransitionneurs.fr\/leognan-mobilite\/wp-content\/uploads\/sites\/2\/2022\/10\/Leognan-trottoir-envahi-vegetation-300x224.jpg 300w, https:\/\/montesquieu.lestransitionneurs.fr\/leognan-mobilite\/wp-content\/uploads\/sites\/2\/2022\/10\/Leognan-trottoir-envahi-vegetation-768x573.jpg 768w, https:\/\/montesquieu.lestransitionneurs.fr\/leognan-mobilite\/wp-content\/uploads\/sites\/2\/2022\/10\/Leognan-trottoir-envahi-vegetation.jpg 1433w\" sizes=\"auto, (max-width: 1024px) 100vw, 1024px\" \/><figcaption>Comme vous pouvez le voir ici, il y a une absence totale d&rsquo;entretien. Le trottoir a totalement disparu (un comble quand on sait que c&rsquo;est l&rsquo;un des seuls de L\u00e9ognan a avoir une largeur convenable pour marcher en s\u00e9curit\u00e9!) <\/figcaption><\/figure>\n\n\n\n<p>Nous rappelons que le code g\u00e9n\u00e9ral des collectivit\u00e9s territoriales en ses&nbsp;<a href=\"https:\/\/www.legifrance.gouv.fr\/codes\/article_lc\/LEGIARTI000029946370\/\">articles L2212-2<\/a>&nbsp;et&nbsp;<a href=\"https:\/\/www.legifrance.gouv.fr\/codes\/article_lc\/LEGIARTI000006389971\/\">L2122-28<\/a>&nbsp;pr\u00e9cise les r\u00e8gles suivantes en mati\u00e8re d&rsquo;entretien des trottoirs :<\/p>\n\n\n\n<ul class=\"wp-block-list\"><li>le 1er article pr\u00e9cise que la police municipale doit s&rsquo;assurer que le nettoyage, l&rsquo;\u00e9clairage, ou l&rsquo;enl\u00e8vement des encombrants soient bien effectu\u00e9s. Elle veille aussi \u00e0 emp\u00eacher les d\u00e9p\u00f4ts, d\u00e9versements et d\u00e9jections sur les trottoirs ;<\/li><li>le 2e article explique que le maire a le droit de prendre des arr\u00eat\u00e9s pour&nbsp;<em>ordonner des mesures locales sur les objets confi\u00e9s \u00e0 sa vigilance et \u00e0 son autorit\u00e9<\/em>&nbsp;et&nbsp;<em>de publier \u00e0 nouveau des lois et r\u00e8glements de police et de rappeler les citoyens \u00e0 leur observation.<\/em>&nbsp;Cela inclut le bon entretien des trottoirs.<br><br>Devant une maison individuelle, c&rsquo;est \u00e0 l&rsquo;occupant que l&rsquo;entretien du trottoir incombe. Il s&rsquo;agit du propri\u00e9taire occupant, du locataire, de l&rsquo;occupant \u00e0 titre gratuit<\/li><\/ul>\n\n\n\n<figure class=\"wp-block-image size-full\"><img loading=\"lazy\" decoding=\"async\" width=\"741\" height=\"562\" src=\"https:\/\/montesquieu.lestransitionneurs.fr\/leognan-mobilite\/wp-content\/uploads\/sites\/2\/2022\/10\/Leognan-Trottoir-7-Avenue-LeBrede.jpg\" alt=\"\" class=\"wp-image-1410\" srcset=\"https:\/\/montesquieu.lestransitionneurs.fr\/leognan-mobilite\/wp-content\/uploads\/sites\/2\/2022\/10\/Leognan-Trottoir-7-Avenue-LeBrede.jpg 741w, https:\/\/montesquieu.lestransitionneurs.fr\/leognan-mobilite\/wp-content\/uploads\/sites\/2\/2022\/10\/Leognan-Trottoir-7-Avenue-LeBrede-300x228.jpg 300w\" sizes=\"auto, (max-width: 741px) 100vw, 741px\" \/><figcaption>Le m\u00eame trottoir lorsque la v\u00e9g\u00e9tation n&rsquo;a pas d\u00e9bord\u00e9 partout<\/figcaption><\/figure>\n\n\n\n<p>Le p\u00e9rim\u00e8tre des actions \u00e0 mener pour l&rsquo;entretien des trottoirs peut varier. Il est souvent d\u00e9fini par un arr\u00eat\u00e9 municipal. Il s&rsquo;agit g\u00e9n\u00e9ralement des missions suivantes :<\/p>\n\n\n\n<ul class=\"wp-block-list\"><li>le nettoyage, notamment apr\u00e8s des pluies si de la boue ou des salet\u00e9s se sont amass\u00e9es ;<\/li><li>le d\u00e9sherbage : des petits plants ayant tendance \u00e0 pousser en bas des fa\u00e7ades ou entre les interstices du trottoir ;<\/li><li>le balayage et le ramassage des feuilles, des brindilles et des salet\u00e9s ;<\/li><li>le d\u00e9neigement, seule la voirie \u00e9tant d\u00e9neig\u00e9e par les agents communaux ;<\/li><li>le retrait du verglas qui peut passer par des actions de pr\u00e9vention comme le salage, sablage ou mise en place de sciure ;<\/li><li>si le trottoir est cass\u00e9 et risque d&rsquo;engendrer des accidents c&rsquo;est logiquement \u00e0 la commune d&rsquo;effectuer les r\u00e9parations. Faites-en la demande rapidement pour \u00e9viter tout incident.<\/li><\/ul>\n\n\n\n<p>Voici un autre exemple dans L\u00e9ognan o\u00f9 l&rsquo;entretien laisse \u00e0 d\u00e9sirer. Face au coll\u00e8ge, les plantes empi\u00e8tent tout simplement sur la moiti\u00e9 de la largeur de la piste cyclable, inconcevable! <br>Pour l&rsquo;exemple, j&rsquo;ai donc entrepris d&rsquo;\u00e9laguer les branches g\u00eanantes. Surprise, le manque d&rsquo;entretien et le type de plantes choisi montre que les racines ont d\u00e9j\u00e0 d\u00e9fonc\u00e9 une partie de l&rsquo;enrob\u00e9. Nous avons eu des t\u00e9moignages de personnes ayant eu des branches passant dans les rayons de la roue de v\u00e9lo provoquant des chutes.<\/p>\n\n\n\n<figure class=\"wp-block-image size-large\"><img loading=\"lazy\" decoding=\"async\" width=\"1024\" height=\"930\" src=\"https:\/\/montesquieu.lestransitionneurs.fr\/leognan-mobilite\/wp-content\/uploads\/sites\/2\/2022\/10\/Leognan-piste-cyclable-D651-college-Francois-Mauriac-1024x930.jpg\" alt=\"\" class=\"wp-image-1411\" srcset=\"https:\/\/montesquieu.lestransitionneurs.fr\/leognan-mobilite\/wp-content\/uploads\/sites\/2\/2022\/10\/Leognan-piste-cyclable-D651-college-Francois-Mauriac-1024x930.jpg 1024w, https:\/\/montesquieu.lestransitionneurs.fr\/leognan-mobilite\/wp-content\/uploads\/sites\/2\/2022\/10\/Leognan-piste-cyclable-D651-college-Francois-Mauriac-300x272.jpg 300w, https:\/\/montesquieu.lestransitionneurs.fr\/leognan-mobilite\/wp-content\/uploads\/sites\/2\/2022\/10\/Leognan-piste-cyclable-D651-college-Francois-Mauriac-768x698.jpg 768w, https:\/\/montesquieu.lestransitionneurs.fr\/leognan-mobilite\/wp-content\/uploads\/sites\/2\/2022\/10\/Leognan-piste-cyclable-D651-college-Francois-Mauriac.jpg 1189w\" sizes=\"auto, (max-width: 1024px) 100vw, 1024px\" \/><figcaption>Un sens de circulation sur la piste condamn\u00e9 totalement<\/figcaption><\/figure>\n\n\n\n<figure class=\"wp-block-image size-large\"><img loading=\"lazy\" decoding=\"async\" width=\"931\" height=\"1024\" src=\"https:\/\/montesquieu.lestransitionneurs.fr\/leognan-mobilite\/wp-content\/uploads\/sites\/2\/2022\/10\/Leognan-piste-cyclable-defoncee-college-931x1024.jpg\" alt=\"\" class=\"wp-image-1412\" srcset=\"https:\/\/montesquieu.lestransitionneurs.fr\/leognan-mobilite\/wp-content\/uploads\/sites\/2\/2022\/10\/Leognan-piste-cyclable-defoncee-college-931x1024.jpg 931w, https:\/\/montesquieu.lestransitionneurs.fr\/leognan-mobilite\/wp-content\/uploads\/sites\/2\/2022\/10\/Leognan-piste-cyclable-defoncee-college-273x300.jpg 273w, https:\/\/montesquieu.lestransitionneurs.fr\/leognan-mobilite\/wp-content\/uploads\/sites\/2\/2022\/10\/Leognan-piste-cyclable-defoncee-college-768x845.jpg 768w, https:\/\/montesquieu.lestransitionneurs.fr\/leognan-mobilite\/wp-content\/uploads\/sites\/2\/2022\/10\/Leognan-piste-cyclable-defoncee-college.jpg 982w\" sizes=\"auto, (max-width: 931px) 100vw, 931px\" \/><figcaption>Apr\u00e8s avoir coup\u00e9, on d\u00e9couvre que les racines ont fait des rejets et de nouveaux pieds poussent au milieu de l&rsquo;enrob\u00e9&#8230;<\/figcaption><\/figure>\n\n\n\n<p><strong>Conclusion: citoyens et \u00e9lus ne laissez plus les rues \u00e0 la d\u00e9rive de cette fa\u00e7on.<\/strong> <strong>Il en va de la s\u00e9curit\u00e9 des usagers les plus vuln\u00e9rables sur la voie publique<\/strong><\/p>\n\n\n\n<p><\/p>\n","protected":false},"excerpt":{"rendered":"<p>Construire des pistes et tracer des bandes cyclables c&rsquo;est tr\u00e8s bien, les entretenir pour qu&rsquo;elles restent praticables c&rsquo;est une n\u00e9cessit\u00e9.<\/p>\n","protected":false},"author":1,"featured_media":1467,"comment_status":"open","ping_status":"open","sticky":false,"template":"","format":"standard","meta":{"footnotes":""},"categories":[1],"tags":[],"class_list":["post-1402","post","type-post","status-publish","format-standard","has-post-thumbnail","hentry","category-pistes-cyclables"],"_links":{"self":[{"href":"https:\/\/montesquieu.lestransitionneurs.fr\/leognan-mobilite\/wp-json\/wp\/v2\/posts\/1402","targetHints":{"allow":["GET"]}}],"collection":[{"href":"https:\/\/montesquieu.lestransitionneurs.fr\/leognan-mobilite\/wp-json\/wp\/v2\/posts"}],"about":[{"href":"https:\/\/montesquieu.lestransitionneurs.fr\/leognan-mobilite\/wp-json\/wp\/v2\/types\/post"}],"author":[{"embeddable":true,"href":"https:\/\/montesquieu.lestransitionneurs.fr\/leognan-mobilite\/wp-json\/wp\/v2\/users\/1"}],"replies":[{"embeddable":true,"href":"https:\/\/montesquieu.lestransitionneurs.fr\/leognan-mobilite\/wp-json\/wp\/v2\/comments?post=1402"}],"version-history":[{"count":6,"href":"https:\/\/montesquieu.lestransitionneurs.fr\/leognan-mobilite\/wp-json\/wp\/v2\/posts\/1402\/revisions"}],"predecessor-version":[{"id":1550,"href":"https:\/\/montesquieu.lestransitionneurs.fr\/leognan-mobilite\/wp-json\/wp\/v2\/posts\/1402\/revisions\/1550"}],"wp:featuredmedia":[{"embeddable":true,"href":"https:\/\/montesquieu.lestransitionneurs.fr\/leognan-mobilite\/wp-json\/wp\/v2\/media\/1467"}],"wp:attachment":[{"href":"https:\/\/montesquieu.lestransitionneurs.fr\/leognan-mobilite\/wp-json\/wp\/v2\/media?parent=1402"}],"wp:term":[{"taxonomy":"category","embeddable":true,"href":"https:\/\/montesquieu.lestransitionneurs.fr\/leognan-mobilite\/wp-json\/wp\/v2\/categories?post=1402"},{"taxonomy":"post_tag","embeddable":true,"href":"https:\/\/montesquieu.lestransitionneurs.fr\/leognan-mobilite\/wp-json\/wp\/v2\/tags?post=1402"}],"curies":[{"name":"wp","href":"https:\/\/api.w.org\/{rel}","templated":true}]}}