{"id":1651,"date":"2023-10-04T22:10:45","date_gmt":"2023-10-04T20:10:45","guid":{"rendered":"https:\/\/montesquieu.lestransitionneurs.fr\/leognan-mobilite\/?p=1651"},"modified":"2023-11-01T23:27:51","modified_gmt":"2023-11-01T22:27:51","slug":"objectif-mettre-les-collegiens-en-selle","status":"publish","type":"post","link":"https:\/\/montesquieu.lestransitionneurs.fr\/leognan-mobilite\/objectif-mettre-les-collegiens-en-selle\/","title":{"rendered":"Objectif: mettre les \u00e9coliers et coll\u00e9giens en selle"},"content":{"rendered":"\n<p>Le vendredi 29 septembre 2023, vers 7h45, un coll\u00e9gien de 14&nbsp;ans qui circulait \u00e0 v\u00e9lo route de Cadaujac, <a href=\"https:\/\/www.sudouest.fr\/gironde\/bordeaux\/leognan-un-adolescent-a-velo-renverse-par-une-voiture-16862235.php\">\u00e0 L\u00e9ognan a \u00e9t\u00e9 renvers\u00e9 par une voiture<\/a>. Un accident qui nous rappelle l&rsquo;importance de renforcer le r\u00e9seau de pistes cyclables de la commune et d&rsquo;apaiser la circulation partout o\u00f9 les d\u00e9placements en site propre n&rsquo;est pas possible. Pour cela, nous pouvons prendre exemple sur la commune de Saint-Jean d&rsquo;Illac ou pas moins de <a href=\"https:\/\/www.sudouest.fr\/gironde\/saint-jean-d-illac\/saint-jean-d-illac-au-college-de-l-estey-85-des-eleves-viennent-en-cours-a-velo-14428615.php\">90% des coll\u00e9giens se rendent \u00e0 v\u00e9lo en classe<\/a>.<br>Lors de la construction du coll\u00e8ge de l\u2019Estey en 2006, une piste cyclable qui traverse la ville a \u00e9t\u00e9 am\u00e9nag\u00e9e permettant aux 524&nbsp;\u00e9l\u00e8ves de venir en s\u00e9curit\u00e9 depuis leur domicile.<\/p>\n\n\n\n<!--more-->\n\n\n\n<figure class=\"wp-block-embed is-type-video is-provider-youtube wp-block-embed-youtube wp-embed-aspect-16-9 wp-has-aspect-ratio\"><div class=\"wp-block-embed__wrapper\">\n<iframe loading=\"lazy\" title=\"Coll\u00e8ge de Saint-Jean-d\u2019Illac: 90% des \u00e9l\u00e8ves viennent en classe \u00e0 v\u00e9lo\" width=\"800\" height=\"450\" src=\"https:\/\/www.youtube.com\/embed\/FHwVM3B9ze0?feature=oembed\" frameborder=\"0\" allow=\"accelerometer; autoplay; clipboard-write; encrypted-media; gyroscope; picture-in-picture; web-share\" allowfullscreen><\/iframe>\n<\/div><\/figure>\n\n\n\n<p>Outre la pr\u00e9sence de pistes cyclables plusieurs \u00e9l\u00e9ments expliquent le succ\u00e8s du v\u00e9lo: <br>&#8211; seuls les \u00e9l\u00e8ves \u00e0 plus de trois kilom\u00e8tres sont autoris\u00e9s \u00e0 <a href=\"https:\/\/www.collectivites-locales.gouv.fr\/competences\/les-transports-scolaires\">prendre le transport scolaire TransGironde<\/a>.<br>&#8211; La Police municipale est pr\u00e9sente aux abords du coll\u00e8ge matin et soir.<br>&#8211; Mise en place d&rsquo;arceaux en nombre pour attacher les v\u00e9los.<br>&#8211; En fin d&rsquo;\u00e9cole primaire les \u00e9l\u00e8ves sont pr\u00e9par\u00e9s \u00e0 l&rsquo;autonomie \u00e0 v\u00e9lo sur la voie publique. (Cycle 3: CM1 \/ CM2: <a href=\"https:\/\/eduscol.education.fr\/3230\/le-savoir-rouler-velo\">savoir rouler \u00e0 v\u00e9lo + APER<\/a>)<\/p>\n\n\n\n<p><strong>Et L\u00e9ognan?<\/strong><br><br>Pour la rentr\u00e9e scolaire la piste cyclable face au coll\u00e8ge n&rsquo;a pas \u00e9t\u00e9 entretenue. Les plantes ont envahi un sens de circulation complet et surtout les racines font des rejets qui percent l&rsquo;enrob\u00e9. Une probl\u00e9matique remont\u00e9e par le collectif voil\u00e0 maintenant un an lors d&rsquo;une entrevue avec des \u00e9lu.es.<\/p>\n\n\n\n<figure class=\"wp-block-image size-large\"><img loading=\"lazy\" decoding=\"async\" width=\"1024\" height=\"576\" src=\"https:\/\/montesquieu.lestransitionneurs.fr\/leognan-mobilite\/wp-content\/uploads\/sites\/2\/2023\/11\/2023.10.vegetation-piste-cyclable-1024x576.jpg\" alt=\"\" class=\"wp-image-1672\" srcset=\"https:\/\/montesquieu.lestransitionneurs.fr\/leognan-mobilite\/wp-content\/uploads\/sites\/2\/2023\/11\/2023.10.vegetation-piste-cyclable-1024x576.jpg 1024w, https:\/\/montesquieu.lestransitionneurs.fr\/leognan-mobilite\/wp-content\/uploads\/sites\/2\/2023\/11\/2023.10.vegetation-piste-cyclable-300x169.jpg 300w, https:\/\/montesquieu.lestransitionneurs.fr\/leognan-mobilite\/wp-content\/uploads\/sites\/2\/2023\/11\/2023.10.vegetation-piste-cyclable-768x432.jpg 768w, https:\/\/montesquieu.lestransitionneurs.fr\/leognan-mobilite\/wp-content\/uploads\/sites\/2\/2023\/11\/2023.10.vegetation-piste-cyclable-1536x864.jpg 1536w, https:\/\/montesquieu.lestransitionneurs.fr\/leognan-mobilite\/wp-content\/uploads\/sites\/2\/2023\/11\/2023.10.vegetation-piste-cyclable.jpg 1920w\" sizes=\"auto, (max-width: 1024px) 100vw, 1024px\" \/><\/figure>\n\n\n\n<p>Mais cette probl\u00e9matique  pourrait passer pour du d\u00e9tail au vu d&rsquo;autres difficult\u00e9s que pose la s\u00e9curit\u00e9 routi\u00e8re dans L\u00e9ognan. Le passage par le centre ville reste d\u00e9licat. Il est travers\u00e9 par un fort trafic comprenant de nombreux poids lourds  et le manque de continuit\u00e9 entre les pistes cyclables existantes se fait grandement sentir. Un point noir qui devra imp\u00e9rativement \u00eatre corrig\u00e9 lors de la r\u00e9fection du centre.<\/p>\n\n\n\n<figure class=\"wp-block-image size-large\"><img loading=\"lazy\" decoding=\"async\" width=\"1024\" height=\"575\" src=\"https:\/\/montesquieu.lestransitionneurs.fr\/leognan-mobilite\/wp-content\/uploads\/sites\/2\/2022\/10\/Leognan-double-sens-cyclable-1024x575.jpg\" alt=\"\" class=\"wp-image-1423\" srcset=\"https:\/\/montesquieu.lestransitionneurs.fr\/leognan-mobilite\/wp-content\/uploads\/sites\/2\/2022\/10\/Leognan-double-sens-cyclable-1024x575.jpg 1024w, https:\/\/montesquieu.lestransitionneurs.fr\/leognan-mobilite\/wp-content\/uploads\/sites\/2\/2022\/10\/Leognan-double-sens-cyclable-300x168.jpg 300w, https:\/\/montesquieu.lestransitionneurs.fr\/leognan-mobilite\/wp-content\/uploads\/sites\/2\/2022\/10\/Leognan-double-sens-cyclable-768x431.jpg 768w, https:\/\/montesquieu.lestransitionneurs.fr\/leognan-mobilite\/wp-content\/uploads\/sites\/2\/2022\/10\/Leognan-double-sens-cyclable-1536x863.jpg 1536w, https:\/\/montesquieu.lestransitionneurs.fr\/leognan-mobilite\/wp-content\/uploads\/sites\/2\/2022\/10\/Leognan-double-sens-cyclable.jpg 1923w\" sizes=\"auto, (max-width: 1024px) 100vw, 1024px\" \/><figcaption class=\"wp-element-caption\">Cette photo illustre une des probl\u00e9matiques, les voitures se stationnent sur la piste cyclable obligeant les cyclistes \u00e0 rouler \u00e0 contre sens.<\/figcaption><\/figure>\n\n\n\n<p>En parall\u00e8le de l&rsquo;am\u00e9lioration des infrastructures cyclables, il faudra appliquer la m\u00eame recette qu&rsquo;\u00e0 Saint-Jean d&rsquo;Illac en impliquant les enseignants et la police municipale. Il serait bon que la ville de L\u00e9ognan aille puiser les bonne id\u00e9es d&rsquo;autres communes pour diffuser la culture v\u00e9lo et cela d\u00e8s l&rsquo;\u00e9cole maternelle.<br>Traditionnellement, l&rsquo;op\u00e9ration Mai \u00e0 v\u00e9lo : un mois pour f\u00eater et adopter le v\u00e9lo&nbsp;est la bonne occasion pour les villes de lancer un d\u00e9fi aux \u00e9l\u00e8ves et \u00e0 leurs parents. Certaines acad\u00e9mies, remportent un franc succ\u00e8s avec les op\u00e9rations \u00ab\u00a0<a href=\"https:\/\/www.adtc-grenoble.org\/concours\/\">\u00e9coles \u00e0 v\u00e9lo<\/a>\u00a0\u00bb gr\u00e2ce auxquelles 59% des \u00e9coliers sont venus en draisienne ou \u00e0 v\u00e9lo comme l&rsquo;explique <a href=\"https:\/\/www.ledauphine.com\/education\/2021\/05\/30\/isere-grenoble-concours-des-ecoles-a-velo-le-record-de-participation-battu\">cet article du Dauphin\u00e9<\/a>. Certaines villes jouent m\u00eame le jeu en fermant la circulation aux automobiles le temps que les \u00e9l\u00e8ves passent, cf <a href=\"https:\/\/france3-regions.francetvinfo.fr\/bourgogne-franche-comte\/haute-saone\/video-une-petite-commune-de-haute-saone-ferme-ses-routes-pour-que-les-enfants-aillent-a-l-ecole-a-velo-2788390.html\">cet article<\/a>. Une fois cette impulsion donn\u00e9e, les parents pourront garder la dynamique en se regroupant pour mettre en place des v\u00e9lobus. Ces derniers peuvent prendre diff\u00e9rentes formes. La plus courante prend la forme  d&rsquo;accompagnateurs adultes encadrant le d\u00e9placement de jeunes cyclistes comme le montre ce reportage tourn\u00e9 \u00e0 St-Aubin-de-M\u00e9doc.<\/p>\n\n\n\n<figure class=\"wp-block-embed is-type-video is-provider-youtube wp-block-embed-youtube wp-embed-aspect-16-9 wp-has-aspect-ratio\"><div class=\"wp-block-embed__wrapper\">\n<iframe loading=\"lazy\" title=\"A l&#039;\u00e9cole \u00e0 v\u00e9lobus\" width=\"800\" height=\"450\" src=\"https:\/\/www.youtube.com\/embed\/vZwQCdEOnao?feature=oembed\" frameborder=\"0\" allow=\"accelerometer; autoplay; clipboard-write; encrypted-media; gyroscope; picture-in-picture; web-share\" allowfullscreen><\/iframe>\n<\/div><\/figure>\n\n\n\n<p>Il est \u00e9galement possible de constituer une autre forme de v\u00e9lobus o\u00f9 l&rsquo;accompagnateur et les enfants p\u00e9dalent tous ensemble sur le m\u00eame v\u00e9hicule. Pour cela, il est possible de s&rsquo;appuyer sur le tissu associatif comme cela se fait <a rel=\"noreferrer noopener\" href=\"https:\/\/www.bordeaux.fr\/o99223\/rosalie-bus-bordeaux\" target=\"_blank\">\u00e0 Bordeaux avec la rosalie bus<\/a>.<br><\/p>\n\n\n\n<figure class=\"wp-block-image size-full\"><a href=\"https:\/\/www.facebook.com\/rosaliebusbordeaux\/posts\/pfbid09ATHsTSidSSnoWe7UD78rU4DYs4ZCnPBaS1AdSNFBXZCLJPfqo2yEExCcqAhQybml\"><img loading=\"lazy\" decoding=\"async\" width=\"690\" height=\"910\" src=\"https:\/\/montesquieu.lestransitionneurs.fr\/leognan-mobilite\/wp-content\/uploads\/sites\/2\/2023\/10\/Rosalie_Bus_Bordeaux.png\" alt=\"\" class=\"wp-image-1660\" srcset=\"https:\/\/montesquieu.lestransitionneurs.fr\/leognan-mobilite\/wp-content\/uploads\/sites\/2\/2023\/10\/Rosalie_Bus_Bordeaux.png 690w, https:\/\/montesquieu.lestransitionneurs.fr\/leognan-mobilite\/wp-content\/uploads\/sites\/2\/2023\/10\/Rosalie_Bus_Bordeaux-227x300.png 227w\" sizes=\"auto, (max-width: 690px) 100vw, 690px\" \/><\/a><\/figure>\n\n\n\n<p>Certaines municipalit\u00e9s franchissent m\u00eame le cap en investissant dans un bus \u00e0 p\u00e9dale. Id\u00e9al pour le ramassage des plus jeunes habitants \u00e0 moins de 3 km de la maison non? Exemple avec ce reportage qui montre le Woodybus fabriqu\u00e9 en France.<\/p>\n\n\n\n<figure class=\"wp-block-embed is-type-video is-provider-youtube wp-block-embed-youtube wp-embed-aspect-16-9 wp-has-aspect-ratio\"><div class=\"wp-block-embed__wrapper\">\n<iframe loading=\"lazy\" title=\"R\u00e9portage sur le v\u00e9lobus pour amener les enfants \u00e0 l&#039;\u00e9cole.\" width=\"800\" height=\"450\" src=\"https:\/\/www.youtube.com\/embed\/EuA-PL3qs4E?feature=oembed\" frameborder=\"0\" allow=\"accelerometer; autoplay; clipboard-write; encrypted-media; gyroscope; picture-in-picture; web-share\" allowfullscreen><\/iframe>\n<\/div><\/figure>\n\n\n\n<p>Pour diffuser la culture v\u00e9lo, il est important de l&rsquo;associer aux divers \u00e9v\u00e8nements de la ville tel que la f\u00eate de la nature.<\/p>\n\n\n\n<p><\/p>\n","protected":false},"excerpt":{"rendered":"<p>Le vendredi 29 septembre 2023, vers 7h45, un coll\u00e9gien de 14&nbsp;ans qui circulait \u00e0 v\u00e9lo route de Cadaujac, \u00e0 L\u00e9ognan<\/p>\n","protected":false},"author":1,"featured_media":0,"comment_status":"open","ping_status":"open","sticky":false,"template":"","format":"standard","meta":{"footnotes":""},"categories":[43],"tags":[],"class_list":["post-1651","post","type-post","status-publish","format-standard","hentry","category-propositions"],"_links":{"self":[{"href":"https:\/\/montesquieu.lestransitionneurs.fr\/leognan-mobilite\/wp-json\/wp\/v2\/posts\/1651","targetHints":{"allow":["GET"]}}],"collection":[{"href":"https:\/\/montesquieu.lestransitionneurs.fr\/leognan-mobilite\/wp-json\/wp\/v2\/posts"}],"about":[{"href":"https:\/\/montesquieu.lestransitionneurs.fr\/leognan-mobilite\/wp-json\/wp\/v2\/types\/post"}],"author":[{"embeddable":true,"href":"https:\/\/montesquieu.lestransitionneurs.fr\/leognan-mobilite\/wp-json\/wp\/v2\/users\/1"}],"replies":[{"embeddable":true,"href":"https:\/\/montesquieu.lestransitionneurs.fr\/leognan-mobilite\/wp-json\/wp\/v2\/comments?post=1651"}],"version-history":[{"count":10,"href":"https:\/\/montesquieu.lestransitionneurs.fr\/leognan-mobilite\/wp-json\/wp\/v2\/posts\/1651\/revisions"}],"predecessor-version":[{"id":1673,"href":"https:\/\/montesquieu.lestransitionneurs.fr\/leognan-mobilite\/wp-json\/wp\/v2\/posts\/1651\/revisions\/1673"}],"wp:attachment":[{"href":"https:\/\/montesquieu.lestransitionneurs.fr\/leognan-mobilite\/wp-json\/wp\/v2\/media?parent=1651"}],"wp:term":[{"taxonomy":"category","embeddable":true,"href":"https:\/\/montesquieu.lestransitionneurs.fr\/leognan-mobilite\/wp-json\/wp\/v2\/categories?post=1651"},{"taxonomy":"post_tag","embeddable":true,"href":"https:\/\/montesquieu.lestransitionneurs.fr\/leognan-mobilite\/wp-json\/wp\/v2\/tags?post=1651"}],"curies":[{"name":"wp","href":"https:\/\/api.w.org\/{rel}","templated":true}]}}