{"id":1273,"date":"2022-09-21T18:25:38","date_gmt":"2022-09-21T16:25:38","guid":{"rendered":"https:\/\/montesquieu.lestransitionneurs.fr\/leognan\/?p=1273"},"modified":"2022-09-22T17:34:26","modified_gmt":"2022-09-22T15:34:26","slug":"leognan-petition-contre-limplantation-dune-antenne-5g-pret-du-stade-pierrot-pozzobon","status":"publish","type":"post","link":"https:\/\/montesquieu.lestransitionneurs.fr\/leognan\/leognan-petition-contre-limplantation-dune-antenne-5g-pret-du-stade-pierrot-pozzobon\/","title":{"rendered":"L\u00e9ognan: p\u00e9tition contre l&rsquo;implantation d&rsquo;une antenne 5G pr\u00e8s du stade Pierrot Pozzobon"},"content":{"rendered":"\n<p>En 2021, une antenne relais devait \u00eatre implant\u00e9e par\u00a0la soci\u00e9t\u00e9 Bouygues Telecom \u00e0 l\u2019entr\u00e9e du bourg de L\u00e9ognan au 33 avenue de Cestas. <strong><a href=\"https:\/\/actu.fr\/nouvelle-aquitaine\/leognan_33238\/gironde-leognan-l-installation-d-une-antenne-relais-de-38-metres-en-pleine-nature-ne-passe-pas_39568352.html\">Un collectif s&rsquo;\u00e9tait alors battu contre son installation<\/a><\/strong> (<a href=\"https:\/\/collantleognan.wixsite.com\/ccal\">voir leur site<\/a>) arguant de la d\u00e9figuration du paysage au niveau du ch\u00e2teau Haut-Bergey et d&rsquo;une d\u00e9valuation des biens \u00e0 proximit\u00e9 de l&rsquo;antenne.<\/p>\n\n\n\n<!--more-->\n\n\n\n<p>Suite \u00e0 la mobilisation, l&rsquo;antenne n&rsquo;a finalement pas \u00e9t\u00e9 mise en place \u00e0 cet endroit mais le projet d&rsquo;am\u00e9lioration de la couverture en r\u00e9seau 5G sur la commune de L\u00e9ognan n&rsquo;a pas \u00e9t\u00e9 abandonn\u00e9. Les riverains du stade Pierrot Pozzobon (anciennement Ourcade) on d\u00e9couvert fortuitement en se promenant rue de la libert\u00e9, la pr\u00e9sence d&rsquo;un permis de construire dat\u00e9 du 05.08.22. Ce dernier autorise Bouygues \u00e0 dresser un pyl\u00f4ne de t\u00e9l\u00e9phonie mobile de 38m de haut dans l&rsquo;enceinte du stade, \u00e0 la jonction des terrains de tennis et du bois (parcours de sant\u00e9). Ceci n&rsquo;a pas manqu\u00e9 de provoquer la col\u00e8re d&rsquo;un groupe de L\u00e9ognanais qui reproche \u00e0 la municipalit\u00e9 son manque d&rsquo;information ce \u00e0 quoi, le maire, Laurent Barban, r\u00e9torque que le dossier d&rsquo;information aff\u00e9rant \u00e0 cette antenne relais se trouve \u00e0 l&rsquo;accueil de la mairie. Dommage qu&rsquo;\u00e0 l&rsquo;heure du tout num\u00e9rique et de l&rsquo;<a href=\"https:\/\/www.lebigdata.fr\/open-data-definition\">open data<\/a>, une  version num\u00e9rique ne soit pas tout simplement mise \u00e0 disposition sur le site de la mairie. Cela aurait \u00e9t\u00e9 \u00e9galement int\u00e9ressant de la mettre en avant dans le <a href=\"https:\/\/montesquieu.lestransitionneurs.fr\/leognan\/actu-officielle-de-la-mairie-de-leognan\/\">flux d&rsquo;actualit\u00e9 illiwap de la mairie<\/a>. Laetitia D\u00e9es habitante de L\u00e9ognan a lanc\u00e9 une <a href=\"https:\/\/www.change.org\/p\/installation-antenne-relais-l%C3%A9ognan-demande-de-recours\">p\u00e9tition contre l&rsquo;installation de cette antenne, p\u00e9tition que vous pouvez signer sur changer.org<\/a>. Cette derni\u00e8re a d\u00e9j\u00e0 r\u00e9colt\u00e9 165 signatures. Comme en atteste cet \u00e9change sur le <a href=\"https:\/\/www.facebook.com\/photo?fbid=10226695235040507&amp;set=gm.774446460495721&amp;idorvanity=344802653460106\">groupe Facebook \u00ab\u00a0J&rsquo;aime L\u00e9ognan\u00a0\u00bb<\/a>, les gens semblent surtout inquiets face aux effets des ondes. \u00c0 ce propos, il est bon de rappeler que l&rsquo;ANSES a <a href=\"https:\/\/www.anses.fr\/fr\/content\/la-technologie-5g\">men\u00e9 plusieurs \u00e9tudes depuis 2020<\/a> sur les effets sanitaires de l&rsquo;exposition aux ondes \u00ab\u00a05G\u00a0\u00bb dont la <a href=\"https:\/\/www.anses.fr\/fr\/content\/5g-des-travaux-actualis%C3%A9s-suite-%C3%A0-la-consultation-publique\">derni\u00e8re date de 2022 n&rsquo;a pas pu mettre en lumi\u00e8re de probl\u00e9matique de sant\u00e9<\/a>.<br>Si la dangerosit\u00e9 des ondes est sujette \u00e0 caution, la consommation \u00e9nerg\u00e9tique des antennes relais est quant \u00e0 elle tout \u00e0 fait factuelle. Dans le contexte actuel o\u00f9 la France se retrouve en pr\u00e9carit\u00e9 \u00e9nerg\u00e9tique et o\u00f9 les<a href=\"https:\/\/www.lemonde.fr\/economie\/article\/2022\/09\/17\/coupures-electriques-les-telecoms-veulent-eviter-un-scenario-noir_6142051_3234.html\"> op\u00e9rateurs t\u00e9l\u00e9coms en sont \u00e0 craindre les plans de d\u00e9lestage les obligeant \u00e0 couper leurs antennes cet hiver<\/a>, il est totalement pertinent de s&rsquo;interroger sur la l\u00e9gitimit\u00e9 de d\u00e9ployer <a href=\"https:\/\/youmatter.world\/fr\/impact-environnemental-5g\/\">un r\u00e9seau de t\u00e9l\u00e9communication qui entrainera un effet rebond des consommations \u00e9lectriques<\/a> en ouvrant de nouveaux usages tels que le <a href=\"https:\/\/www.lebigdata.fr\/cloud-gaming-tout-savoir\">cloud gaming<\/a>.<br><br>En valeur absolue, <a href=\"https:\/\/www.lemonde.fr\/les-decodeurs\/article\/2020\/09\/23\/la-5g-va-t-elle-reduire-ou-augmenter-la-consommation-d-energie_6053336_4355770.html\">les antennes 5G consomment environ trois fois plus que les antennes 4G<\/a>, selon l\u2019op\u00e9rateur\u00a0<a rel=\"noreferrer noopener\" href=\"https:\/\/hellofuture.orange.com\/fr\/la-5g-lefficacite-energetique-by-design\/\" target=\"_blank\">Orange<\/a>, mais aussi selon l\u2019\u00e9quipementier Huawei et un op\u00e9rateur chinois dont\u00a0<em>Lib\u00e9ration<\/em>\u00a0<a rel=\"noreferrer noopener\" href=\"https:\/\/www.liberation.fr\/checknews\/2020\/07\/17\/la-5g-est-elle-extremement-consommatrice-d-energie-comme-l-affirme-julien-bayou_1793102\" target=\"_blank\">a obtenu les donn\u00e9es de consommation<\/a>. Un ordre d\u2019id\u00e9e confirm\u00e9 par les\u00a0<a rel=\"noreferrer noopener\" href=\"https:\/\/theshiftproject.org\/wp-content\/uploads\/2020\/01\/2020-01.pdf\" target=\"_blank\">projections du centre de r\u00e9flexion Shift Project<\/a>, qui milite pour une sortie des \u00e9nergies fossiles :\u00a0<em>\u00ab\u00a0Consommant deux \u00e0 trois fois plus que les \u00e9quipements 4G, tout cela se fera avec au moins un doublement de la consommation \u00e9lectrique des r\u00e9seaux mobiles.\u00a0\u00bb<\/em> (voir page 52 du document)<\/p>\n\n\n\n<p>Vu dans <a href=\"https:\/\/www.sudouest.fr\/gironde\/leognan\/gironde-mobilisation-contre-l-installation-d-une-antenne-5g-a-leognan-12301974.php\">Sud Ouest<\/a>: Gironde&nbsp;: mobilisation contre l\u2019installation d\u2019une antenne 5G \u00e0 L\u00e9ognan<\/p>\n\n\n\n<p><\/p>\n\n\n\n<p><\/p>\n","protected":false},"excerpt":{"rendered":"<p>En 2021, une antenne relais devait \u00eatre implant\u00e9e par\u00a0la soci\u00e9t\u00e9 Bouygues Telecom \u00e0 l\u2019entr\u00e9e du bourg de L\u00e9ognan au 33<\/p>\n","protected":false},"author":1,"featured_media":1274,"comment_status":"open","ping_status":"open","sticky":false,"template":"","format":"standard","meta":{"footnotes":""},"categories":[34],"tags":[],"class_list":["post-1273","post","type-post","status-publish","format-standard","has-post-thumbnail","hentry","category-petitions"],"_links":{"self":[{"href":"https:\/\/montesquieu.lestransitionneurs.fr\/leognan\/wp-json\/wp\/v2\/posts\/1273","targetHints":{"allow":["GET"]}}],"collection":[{"href":"https:\/\/montesquieu.lestransitionneurs.fr\/leognan\/wp-json\/wp\/v2\/posts"}],"about":[{"href":"https:\/\/montesquieu.lestransitionneurs.fr\/leognan\/wp-json\/wp\/v2\/types\/post"}],"author":[{"embeddable":true,"href":"https:\/\/montesquieu.lestransitionneurs.fr\/leognan\/wp-json\/wp\/v2\/users\/1"}],"replies":[{"embeddable":true,"href":"https:\/\/montesquieu.lestransitionneurs.fr\/leognan\/wp-json\/wp\/v2\/comments?post=1273"}],"version-history":[{"count":6,"href":"https:\/\/montesquieu.lestransitionneurs.fr\/leognan\/wp-json\/wp\/v2\/posts\/1273\/revisions"}],"predecessor-version":[{"id":1292,"href":"https:\/\/montesquieu.lestransitionneurs.fr\/leognan\/wp-json\/wp\/v2\/posts\/1273\/revisions\/1292"}],"wp:featuredmedia":[{"embeddable":true,"href":"https:\/\/montesquieu.lestransitionneurs.fr\/leognan\/wp-json\/wp\/v2\/media\/1274"}],"wp:attachment":[{"href":"https:\/\/montesquieu.lestransitionneurs.fr\/leognan\/wp-json\/wp\/v2\/media?parent=1273"}],"wp:term":[{"taxonomy":"category","embeddable":true,"href":"https:\/\/montesquieu.lestransitionneurs.fr\/leognan\/wp-json\/wp\/v2\/categories?post=1273"},{"taxonomy":"post_tag","embeddable":true,"href":"https:\/\/montesquieu.lestransitionneurs.fr\/leognan\/wp-json\/wp\/v2\/tags?post=1273"}],"curies":[{"name":"wp","href":"https:\/\/api.w.org\/{rel}","templated":true}]}}